{"id":9896,"date":"2021-12-16T11:20:55","date_gmt":"2021-12-16T10:20:55","guid":{"rendered":"https:\/\/golem.ai\/?p=9896"},"modified":"2022-04-22T11:19:23","modified_gmt":"2022-04-22T09:19:23","slug":"interfaces-celine-forest","status":"publish","type":"post","link":"https:\/\/miralia.ai\/fr\/blog\/relation-client\/interfaces-celine-forest","title":{"rendered":"Interfaces : les enjeux de l&rsquo;exp\u00e9rience clients"},"content":{"rendered":"\n<h3 class=\"wp-block-heading\" id=\"celine-forest-elue-personnalite-client-de-l-annee-2019-par-le-media-relationclientmag-detentrice-de-la-palme-d-argent-du-directeur-client-de-l-annee-2019-afrc-et-reconnue-par-les-echos-avec-un-next-leaders-award-2020-est-l-auteure-de-experience-clients-la-revanche-du-btob-edite-par-kawa-decouvrons-avec-elle-les-enjeux-de-l-experience-clients\"><em>C\u00e9line Forest, \u00e9lue \u00ab personnalit\u00e9 client de l\u2019ann\u00e9e 2019 \u00bb par le m\u00e9dia RelationClientMag, d\u00e9tentrice de la palme d\u2019argent \u00ab du directeur client de l\u2019ann\u00e9e 2019 \u00bb (AFRC) et reconnue par Les Echos avec un Next Leaders Award (2020), est l\u2019auteure de \u201cExp\u00e9rience clients, la revanche du BtoB\u201d \u00e9dit\u00e9 par <\/em><a href=\"https:\/\/www.editions-kawa.com\/home\/275-experience-clients-la-revanche-du-btob-9782367782614.html\" target=\"_blank\" rel=\"noreferrer noopener\"><em>Kawa<\/em><\/a><em>. D\u00e9couvrons avec elle les enjeux de l&rsquo;exp\u00e9rience clients.<\/em><\/h3>\n\n\n\n<h3 class=\"wp-block-heading\" id=\"jean-denis-garo-nous-passons-d-une-ere-de-la-relation-client-a-celle-de-l-experience-clients-pourquoi\"><strong>Jean-Denis Garo : Nous passons d\u2018une \u00e8re de la relation client \u00e0 celle de l\u2018exp\u00e9rience clients, pourquoi ?<\/strong><\/h3>\n\n\n\n<p><strong>C\u00e9line Forest : <\/strong>Depuis quelques ann\u00e9es, il est devenu n\u00e9cessaire d\u2019int\u00e9grer une <strong>dimension \u00e9motionnelle \u00e0 la relation client<\/strong>, au-del\u00e0 des enjeux rationnels de r\u00e9ponse aux standards de qualit\u00e9. C\u2019est l\u2019int\u00e9gration de cette composante qui caract\u00e9rise ce passage de la relation \u00e0 l\u2019exp\u00e9rience clients. Il ne s\u2019agit plus uniquement de r\u00e9pondre au besoin ou \u00e0 la demande d\u2019un client mais de prendre en consid\u00e9ration les \u00e9motions v\u00e9cues et partag\u00e9es, mais aussi son ressenti pour s\u2019inscrire dans une <strong>d\u00e9marche d\u2019am\u00e9lioration continue<\/strong> du service d\u00e9livr\u00e9.<\/p>\n\n\n\n<h3 class=\"wp-block-heading\" id=\"le-directeur-de-l-experience-clients-est-cle-pourtant-c-est-un-role-en-cours-de-definition-quels-sont-les-contours-de-sa-fonction\"><strong>Le directeur de l&rsquo;exp\u00e9rience clients est cl\u00e9, pourtant c\u2019est un r\u00f4le en cours de d\u00e9finition. Quels sont les contours de sa fonction ?<\/strong><\/h3>\n\n\n\n<p>Le r\u00f4le du <strong>directeur de l\u2019exp\u00e9rience clients<\/strong> est de \u00ab mettre en musique \u00bb les collaborateurs sur la th\u00e9matique de l\u2019exp\u00e9rience clients mais aussi de faire valoir les int\u00e9r\u00eats du client, \u00eatre son porte-parole au sein de l\u2019entreprise.<\/p>\n\n\n\n<p>Il doit \u00eatre repr\u00e9sent\u00e9 au sein de l\u2019ensemble des instances de d\u00e9cisions de l\u2019entreprise et travailler \u00e9troitement avec les fonctions commerciales et op\u00e9rationnelles, celles qui sont au <strong>contact quotidien des clients<\/strong>.&nbsp;<\/p>\n\n\n\n<p>C\u2019est une fonction qui doit \u00eatre rattach\u00e9e \u00e0 la direction g\u00e9n\u00e9rale pour b\u00e9n\u00e9ficier d\u2019une forte l\u00e9gitimit\u00e9 et disposer de marges de man\u0153uvre transverses. <strong>L\u2019exp\u00e9rience clients<\/strong> est en effet un enjeu d\u2019entreprise et concerne l\u2019ensemble des collaborateurs. Qu\u2019ils soient au contact direct ou non des clients, leurs actions et leurs postures ont un impact in fine sur la satisfaction du client.&nbsp;<\/p>\n\n\n\n<h3 class=\"wp-block-heading\" id=\"mesurer-et-piloter-l-experience-clients-est-crucial-de-nombreux-outils-indicateurs-existent-il-en-est-deux-qui-semblent-se-distinguer-le-nps-net-promoter-score-et-le-ces-customer-effort-score-quelle-est-votre-preconisation-en-la-matiere\"><strong>Mesurer et piloter l&rsquo;exp\u00e9rience clients est crucial. De nombreux outils, indicateurs existent, il en est deux qui semblent se distinguer le NPS (Net Promoter Score) et le CES (Customer Effort Score). Quelle est votre pr\u00e9conisation en la mati\u00e8re ?<\/strong><\/h3>\n\n\n\n<p>Je mentionnerais un troisi\u00e8me indicateur, en compl\u00e9ment de ceux que vous citez, \u00e0 ne pas n\u00e9gliger : <strong>le taux de satisfaction des clients<\/strong> (CSAT).<\/p>\n\n\n\n<p>Ces trois indicateurs sont compl\u00e9mentaires et, lorsqu\u2019ils sont combin\u00e9s, permettent de b\u00e9n\u00e9ficier d\u2019une <strong>vision exhaustive de la qualit\u00e9 de l\u2019exp\u00e9rience d\u00e9livr\u00e9e<\/strong> aux clients et d\u2019identifier les axes d\u2019am\u00e9liorations \u00e0 travailler prioritairement pour s\u2019inscrire dans une d\u00e9marche d\u2019am\u00e9lioration continue.<\/p>\n\n\n\n<p>Pour que ces indicateurs soient utiles, il convient de les analyser, en capitalisant notamment sur les verbatim associ\u00e9s aux diff\u00e9rentes enqu\u00eates r\u00e9alis\u00e9es pour calculer ces indicateurs.&nbsp;<\/p>\n\n\n\n<p>Il est important par ailleurs de souligner que ces indicateurs doivent \u00eatre utilis\u00e9s avec pr\u00e9caution et rigueur pour qu\u2019ils soient r\u00e9ellement pertinents et donnent <strong>une vision objective<\/strong> de l\u2019\u00e9tat de la relation client. Le <strong>NPS <\/strong>a parfois \u00e9t\u00e9 d\u00e9voy\u00e9 car utilis\u00e9 \u00e0 mauvais escient : pour \u00e9valuer les collaborateurs ou en extrayant des panels les clients ayant \u00e9mis des r\u00e9clamations r\u00e9cemment par exemple (dans l\u2019id\u00e9e d\u2019obtenir un score plus \u00e9lev\u00e9).&nbsp;<\/p>\n\n\n\n<p>Pour nourrir l\u2018analyse, il peut \u00eatre int\u00e9ressant de recourir \u00e0 des <strong>solutions d\u2019analyse s\u00e9mantique<\/strong> qui permettent de traiter des volumes importants de donn\u00e9es et d\u2019effectuer une analyse fine gr\u00e2ce \u00e0 l\u2019intelligence artificielle, prenant notamment en consid\u00e9ration des \u00e9l\u00e9ments subjectifs tels que l\u2019identification du second degr\u00e9 par exemple.<\/p>\n\n\n\n<p class=\"has-text-align-center\"><a href=\"https:\/\/golem.ai\/fr\/ressources\/livre-blanc-experts-ia-interfaces\/\"><strong>T\u00e9l\u00e9chargez notre livre blanc <\/strong><\/a><\/p>\n\n\n\n<p class=\"has-text-align-center\"><a href=\"https:\/\/golem.ai\/fr\/ressources\/livre-blanc-experts-ia-interfaces\/\"><img decoding=\"async\" width=\"186\" height=\"263\" src=\"https:\/\/lh4.googleusercontent.com\/lJEfDhcpf6qje9bDo4v8g5Iiepg1yi2IEBwtOupIskMPaXZtr_mu3NYXLjfD8zzTyKXl3wt1MTfvPLFe9XKW1Zn6N6Ge4LIxKhs_vH_F6fwXVkjSPKQCq23f0UeZ2Vk2QpCHm31z\"><\/a><\/p>\n\n\n\n<h3 class=\"wp-block-heading\" id=\"dans-un-contexte-de-competitivite-accrue-entre-les-entreprises-l-experience-clients-est-elle-la-cle-de-la-fidelisation\"><strong>Dans un contexte de comp\u00e9titivit\u00e9 accrue entre les entreprises, <a href=\"https:\/\/golem.ai\/fr\/blog\/entreprise\/nlp-relation-client\/\">l&rsquo;exp\u00e9rience clients<\/a> est-elle la cl\u00e9 de la fid\u00e9lisation ?<\/strong><\/h3>\n\n\n\n<p>Je citerais quelques chiffres issus de l\u2019Observatoire de la fid\u00e9lit\u00e9 :<\/p>\n\n\n\n<ul class=\"wp-block-list\"><li>Recruter un client co\u00fbte trois fois plus cher que de le fid\u00e9liser.<\/li><li>Reconqu\u00e9rir un client m\u00e9content co\u00fbte 12 fois plus cher.<\/li><\/ul>\n\n\n\n<p>La n\u00e9cessit\u00e9 de prendre soin de ses clients pour <strong>les fid\u00e9liser<\/strong> semble \u00e9vidente. En effet, si vous prenez soin de vos clients, un attachement \u00e0 la marque pourra se d\u00e9velopper et ils seront ainsi davantage \u00e0 m\u00eame de rester fid\u00e8les \u00e0 votre marque.<\/p>\n\n\n\n<p>De nombreuses \u00e9tudes d\u00e9montrent par ailleurs qu\u2019il existe une corr\u00e9lation entre les performances d\u2019une entreprise et son orientation client.<\/p>\n\n\n\n<p>A noter \u00e9galement que \u00ab <strong>15%<\/strong> des clients les plus fid\u00e8les contribuent \u00e0 <strong>60%<\/strong> des ventes totales de l\u2019entreprise \u00bb (Trusteam Finance) et que \u00ab dans la plupart des industries, le NPS explique entre 20% et 60% de la variation des \u00e9carts de croissance organique entre les concurrents \u00bb (Bain &amp; Company).<\/p>\n\n\n\n<h3 class=\"wp-block-heading\" id=\"le-nombre-de-medias-canaux-permettant-les-interactions-clients-sont-nombreux-apres-une-phase-de-multiplication-de-ces-canaux-les-entreprises-s-engagent-dans-une-rationalisation-et-une-automatisation-l-ia-au-dela-des-chatbots-apporte-de-nombreuses-applications-notamment-autour-de-la-gestion-des-messages-entrants-pensez-vous-que-l-ia-augmente-l-agent\"><strong>Le nombre de m\u00e9dias\/canaux permettant les interactions clients sont nombreux. Apr\u00e8s une phase de multiplication de ces canaux, les entreprises s\u2019engagent dans une rationalisation et une automatisation. L\u2019IA, <\/strong><a href=\"https:\/\/golem.ai\/fr\/blog\/entreprise\/ia-relation-client-chatbot\/\"><strong>au-del\u00e0 des chatbots<\/strong><\/a><strong>, apporte de nombreuses applications notamment autour de la gestion des <\/strong><a href=\"https:\/\/golem.ai\/fr\/blog\/entreprise\/ia-analyse-pieces-jointes\/\"><strong>messages entrants<\/strong><\/a><strong>. Pensez-vous que l\u2019IA augmente l\u2019agent ?<\/strong><\/h3>\n\n\n\n<p>On a en effet connu, gr\u00e2ce \u00e0 l\u2019av\u00e8nement du digital, <strong>une expansion massive des canaux d\u2019interactions<\/strong>. Chatbots, formulaires web, etc.&nbsp;<\/p>\n\n\n\n<p>On a coutume de pr\u00e9senter l\u2019humain et le digital comme des ennemis en proie \u00e0 un duel alors qu\u2019\u00e0 mon sens, il s\u2019agit davantage d\u2019un duo permettant de <strong>d\u00e9sali\u00e9ner le travail<\/strong> en automatisant les t\u00e2ches \u00e0 faible valeur ajout\u00e9e. Cela permet aux collaborateurs de davantage s\u2019\u00e9panouir et de donner du sens \u00e0 leur travail en r\u00e9allouant notamment le temps \u00e9conomis\u00e9 au renforcement de la relation avec les clients.&nbsp;<\/p>\n\n\n\n<p>Concernant la question plus sp\u00e9cifique de l\u2019IA, elle permet de nombreuses applications dans le domaine de l\u2019exp\u00e9rience clients :<\/p>\n\n\n\n<ul class=\"wp-block-list\"><li>L\u2019analyse s\u00e9mantique des verbatim clients qui va permettre de b\u00e9n\u00e9ficier d\u2019une analyse approfondie des r\u00e9clamations et parfois aboutir \u00e0 des propositions de r\u00e9ponse pr\u00e9-r\u00e9dig\u00e9es aux sollicitations,&nbsp;<\/li><li>Les chatbots pour fournir \u00e0 l\u2019usager un nouveau canal d\u2019interaction digitalis\u00e9 \u00e0 m\u00eame de r\u00e9pondre \u00e0 ses questions,<\/li><li>L\u2019analyse des corr\u00e9lations entre les performances de l\u2019entreprise et son orientation client,<\/li><li>La reconnaissance faciale pour s\u00e9curiser les solutions applicatives.<\/li><\/ul>\n\n\n\n<h3 class=\"wp-block-heading\" id=\"la-question-ecologique-s-impose-aussi-a-l-agenda-des-directions-informatiques-en-particulier-parce-que-les-nouvelles-generations-de-consommateurs-y-sont-tres-sensibles-les-etudes-de-consommation-co2-se-multiplient-par-exemple-une-ia-symbolique-sera-bien-moins-gourmande-que-le-machine-learning-en-quoi-est-ce-important\"><strong>La question \u00e9cologique s\u2019impose aussi \u00e0 l\u2019agenda des directions informatiques, en particulier parce que les nouvelles g\u00e9n\u00e9rations de consommateurs y sont tr\u00e8s sensibles. Les \u00e9tudes de consommation CO2 se multiplient, par exemple une <\/strong><a href=\"https:\/\/golem.ai\/fr\/blog\/entreprise\/ia-usage-avantage\/\"><strong>IA symbolique<\/strong><\/a><strong> sera bien moins gourmande que le machine learning. En quoi est-ce important ?<\/strong><\/h3>\n\n\n\n<p>Cette question me semble primordiale \u00e0 l\u2019heure o\u00f9 <strong>l\u2019\u00e9co-responsabilit\u00e9 des entreprises<\/strong> devient une norme attendue des usagers et non plus une diff\u00e9renciation marketing comme cela a pu l\u2019\u00eatre par le pass\u00e9.<\/p>\n\n\n\n<p>Les usagers, et en particulier les nouvelles g\u00e9n\u00e9rations, sont en attente d\u2019engagements de la part des soci\u00e9t\u00e9s avec lesquelles elles interagissent. Dans un monde o\u00f9 nous sommes de plus en plus attach\u00e9s au sens de notre action et \u00e0 notre impact sur la plan\u00e8te, ce type de consid\u00e9ration occupe une place de plus en plus centrale dans les d\u00e9cisions d\u2019achat.<\/p>\n\n\n\n<p>Pour moi, une exp\u00e9rience clients r\u00e9ussie repose sur l\u2019alignement de ce que j\u2019appelle <strong>les 3C de l\u2019exp\u00e9rience clients<\/strong> : C comme Clients, C comme collaborateurs et C comme Corporate. Cette derni\u00e8re dimension d\u00e9signe les engagements et valeurs port\u00e9es par l\u2019entreprise, ce qui d\u00e9finit son identit\u00e9. Les clients mais aussi les collaborateurs \u00e9tant de plus en plus sensibles \u00e0 la cause \u00e9cologique, il est naturel que les entreprises s\u2019emparent du sujet et adoptent des comportements \u00e9coresponsables, y compris dans le choix des outils utilis\u00e9s.&nbsp;<\/p>\n\n\n\n<div class=\"wp-block-image\"><figure class=\"aligncenter is-resized\"><a href=\"https:\/\/golem.ai\/fr\/ressources\/\"><img fetchpriority=\"high\" decoding=\"async\" src=\"https:\/\/golem-ai-website-wordpress-prod.s3.fr-par.scw.cloud\/wp-content\/uploads\/2022\/03\/26172703\/Webinar.png\" alt=\"\" class=\"wp-image-12231\" width=\"480\" height=\"270\" srcset=\"https:\/\/golem-ai-website-wordpress-prod.s3.fr-par.scw.cloud\/wp-content\/uploads\/2022\/03\/26172703\/Webinar-300x169.png 300w, https:\/\/golem-ai-website-wordpress-prod.s3.fr-par.scw.cloud\/wp-content\/uploads\/2022\/03\/26172703\/Webinar-768x432.png 768w, https:\/\/golem-ai-website-wordpress-prod.s3.fr-par.scw.cloud\/wp-content\/uploads\/2022\/03\/26172703\/Webinar-18x10.png 18w, https:\/\/golem-ai-website-wordpress-prod.s3.fr-par.scw.cloud\/wp-content\/uploads\/2022\/03\/26172703\/Webinar.png 960w\" sizes=\"(max-width: 480px) 100vw, 480px\" \/><\/a><\/figure><\/div>\n\n\n\n<h3 class=\"wp-block-heading\" id=\"comment-envisagez-vous-l-evolution-du-role-de-manager-le-developpement-du-teletravail-a-t-il-eu-un-impact-sur-les-pratiques-manageriales\"><strong>Comment envisagez-vous l\u2019\u00e9volution du r\u00f4le de manager ? Le d\u00e9veloppement du t\u00e9l\u00e9travail a-t-il eu un impact sur les pratiques manag\u00e9riales ?<\/strong><\/h3>\n\n\n\n<p>Le t\u00e9l\u00e9travail a contraint les managers \u00e0 faire davantage <strong>confiance \u00e0 leurs \u00e9quipes<\/strong>. Ce qui est une bonne chose. Travailler \u00e0 distance rend en effet difficile la pratique du contr\u00f4le manag\u00e9rial et du micro management. Ce changement de posture s\u2019int\u00e8gre dans une \u00e9volution plus structurante des modes de management. De la posture de chef paternaliste \u00e0 celle de leader inspirant, les pratiques sont en pleine mutation sous l\u2019impulsion des nouvelles g\u00e9n\u00e9rations qui ont des attentes nouvelles.<\/p>\n\n\n\n<p>Les collaborateurs d\u2019aujourd\u2019hui n\u2019aspirent pas \u00e0 faire toute leur carri\u00e8re au sein d\u2019une m\u00eame entreprise, mais de <strong>tester diff\u00e9rentes approches<\/strong>, b\u00e9n\u00e9ficier d\u2019exp\u00e9riences internationales souvent et parfois m\u00eame tenter une aventure entrepreneuriale. Et pourquoi pas, revenir ensuite dans leur entreprise initiale mettre en pratique ce qu\u2019ils ont pu apprendre ailleurs !<\/p>\n\n\n\n<p>Pour <strong>fid\u00e9liser les talents<\/strong>, il faut donc \u00eatre \u00e0 m\u00eame de faire preuve de souplesse, tant sur la flexibilit\u00e9 des missions que l\u2019am\u00e9nagement du temps de travail. Je pense que le manager de demain devra accepter qu\u2019un salari\u00e9 puisse consacrer une partie de son temps \u00e0 d\u2019autres projets personnels et professionnels, qu\u2019il puisse s\u2019investir dans des causes soci\u00e9tales et le soutenir le cas \u00e9ch\u00e9ant, etc.<\/p>\n\n\n\n<p>La crise du COVID-19 et la qu\u00eate de sens qui marque cette p\u00e9riode acc\u00e9l\u00e8rent la progression de cette tendance.<\/p>\n\n\n\n<div class=\"wp-block-image\"><figure class=\"aligncenter size-large is-resized\"><img decoding=\"async\" src=\"https:\/\/golem-ai-website-wordpress-prod.s3.fr-par.scw.cloud\/wp-content\/uploads\/2021\/12\/16155246\/Livre-Celine-F-732x1024.jpg\" alt=\"\" class=\"wp-image-9924\" width=\"163\" height=\"228\" srcset=\"https:\/\/golem-ai-website-wordpress-prod.s3.fr-par.scw.cloud\/wp-content\/uploads\/2021\/12\/16155246\/Livre-Celine-F-214x300.jpg 214w, https:\/\/golem-ai-website-wordpress-prod.s3.fr-par.scw.cloud\/wp-content\/uploads\/2021\/12\/16155246\/Livre-Celine-F-732x1024.jpg 732w, https:\/\/golem-ai-website-wordpress-prod.s3.fr-par.scw.cloud\/wp-content\/uploads\/2021\/12\/16155246\/Livre-Celine-F-768x1075.jpg 768w, https:\/\/golem-ai-website-wordpress-prod.s3.fr-par.scw.cloud\/wp-content\/uploads\/2021\/12\/16155246\/Livre-Celine-F-1098x1536.jpg 1098w, https:\/\/golem-ai-website-wordpress-prod.s3.fr-par.scw.cloud\/wp-content\/uploads\/2021\/12\/16155246\/Livre-Celine-F-9x12.jpg 9w, https:\/\/golem-ai-website-wordpress-prod.s3.fr-par.scw.cloud\/wp-content\/uploads\/2021\/12\/16155246\/Livre-Celine-F.jpg 1182w\" sizes=\"(max-width: 163px) 100vw, 163px\" \/><\/figure><\/div>\n\n\n\n<p><\/p>\n\n\n\n<h2 class=\"wp-block-heading\"><strong>D\u00e9couvrez toutes interviews de notre s\u00e9rie Interfaces :<\/strong><\/h2>\n\n\n\n<ul class=\"wp-block-list\"><li><strong><a href=\"https:\/\/golem.ai\/fr\/blog\/entreprise\/interfaces-sophie-dueme-2\/\">Interfaces avec Sophie Du\u00eame (partie 1)<\/a><\/strong>, co-auteure de l\u2019ouvrage \u00ab Pro en Relation Client \u00bb<\/li><li><strong><a href=\"https:\/\/golem.ai\/fr\/blog\/entreprise\/interfaces-sophie-dueme\/\">Interfaces avec Sophie Du\u00eame (partie 2)<\/a><\/strong>, co-auteure de l\u2019ouvrage \u00ab Pro en Relation Client \u00bb<\/li><li><strong><a href=\"https:\/\/golem.ai\/fr\/blog\/entreprise\/interview-gilbert-ton-cdo\/\">Interfaces avec Gilbert Ton<\/a><\/strong>&nbsp;\u2013 Fondateur-Associ\u00e9 de NewCo Data Services et co-auteur de l\u2019ouvrage \u201cChief Data Officer\u201d \u00e9dit\u00e9 par Eyrolles en septembre 2020.<\/li><li><strong><a href=\"https:\/\/golem.ai\/fr\/blog\/entreprise\/interfaces-interview-alain-conrard\/\">Interfaces avec Alain Conrard<\/a><\/strong>, CEO de Prodware Group et Pr\u00e9sident de la Commission Digitale du mouvement des ETI (METI). Auteur de \u201cOsons ! Un autre regard sur l\u2019innovation\u201d<\/li><li><strong><a href=\"https:\/\/golem.ai\/fr\/blog\/entreprise\/interfaces-ia-data\/\">Interfaces avec Mick Levy<\/a><\/strong>, Directeur de l\u2019innovation business chez Business &amp; Decision, et sp\u00e9cialiste de la donn\u00e9e. Auteur de \u201cSortez vos donn\u00e9es du frigo\u201d<\/li><li><strong><a href=\"https:\/\/golem.ai\/fr\/blog\/entreprise\/interfaces-alain-yen-pon\/\">Interfaces avec Alain Yen-Pon<\/a><\/strong>, co-auteur de l\u2019ouvrage \u00ab Chief Data Officer \u00bb<\/li><\/ul>\n\n\n\n<p><\/p>\n\n\n\n<p>Pour d\u00e9couvrir nos diff\u00e9rents contenus&nbsp;<strong><a href=\"https:\/\/golem.ai\/fr\/ressources\/livre-blanc-IA-ethique\/\">Livre blanc<\/a><\/strong>&nbsp;et&nbsp;<strong><a href=\"https:\/\/golem.ai\/fr\/ressources\/webinar-relation-client-manutan\/\">Webinar<\/a><\/strong>&nbsp;consultez directement notre page&nbsp;<strong><a href=\"https:\/\/golem.ai\/fr\/ressources\/\">ressources<\/a><\/strong>. N\u2019h\u00e9sitez pas \u00e0 contacter&nbsp;<strong><a href=\"https:\/\/golem.ai\/fr\/contact\/\">nos \u00e9quipes<\/a><\/strong>&nbsp;si vous avez la moindre question, elles se feront un plaisir de vous r\u00e9pondre !<\/p>\n<!-- AddThis Advanced Settings generic via filter on the_content --><!-- AddThis Share Buttons generic via filter on the_content -->","protected":false},"excerpt":{"rendered":"<p>\u00c9lue personnalit\u00e9 client en 2019, d\u00e9couvrez dans cette derni\u00e8re interview de notre s\u00e9rie Interfaces, C\u00e9line Forest, qui dresse un \u00e9tat de l\u2019art de la relation client aujourd\u2019hui.<!-- AddThis Advanced Settings generic via filter on get_the_excerpt --><!-- AddThis Share Buttons generic via filter on get_the_excerpt --><\/p>\n","protected":false},"author":8,"featured_media":9918,"comment_status":"closed","ping_status":"open","sticky":false,"template":"","format":"standard","meta":{"_acf_changed":false,"content-type":"","footnotes":""},"categories":[68,111],"tags":[87,80,78],"class_list":["post-9896","post","type-post","status-publish","format-standard","has-post-thumbnail","hentry","category-blog","category-relation-client","tag-experience-clients","tag-relation-client","tag-travail"],"acf":[],"yoast_head":"<!-- This site is optimized with the Yoast SEO plugin v27.5 - https:\/\/yoast.com\/product\/yoast-seo-wordpress\/ -->\n<title>Les nouveaux enjeux de l\u2019exp\u00e9rience et relation clients<\/title>\n<meta name=\"description\" content=\"Dans un contexte d\u2019acc\u00e9l\u00e9ration des interactions digitales, d\u00e9couvrez les nouveaux enjeux de la relation client dans cette interview de C\u00e9lia Forest.\" \/>\n<meta name=\"robots\" content=\"index, follow, max-snippet:-1, max-image-preview:large, max-video-preview:-1\" \/>\n<link rel=\"canonical\" href=\"https:\/\/miralia.ai\/fr\/blog\/relation-client\/interfaces-celine-forest\/\" \/>\n<meta property=\"og:locale\" content=\"fr_FR\" \/>\n<meta property=\"og:type\" content=\"article\" \/>\n<meta property=\"og:title\" content=\"Les nouveaux enjeux de l\u2019exp\u00e9rience et relation clients\" \/>\n<meta property=\"og:description\" content=\"Dans un contexte d\u2019acc\u00e9l\u00e9ration des interactions digitales, d\u00e9couvrez les nouveaux enjeux de la relation client dans cette interview de C\u00e9lia Forest.\" \/>\n<meta property=\"og:url\" content=\"https:\/\/miralia.ai\/fr\/blog\/relation-client\/interfaces-celine-forest\/\" \/>\n<meta property=\"og:site_name\" content=\"Miralia.ai\" \/>\n<meta property=\"article:published_time\" content=\"2021-12-16T10:20:55+00:00\" \/>\n<meta property=\"article:modified_time\" content=\"2022-04-22T09:19:23+00:00\" \/>\n<meta property=\"og:image\" content=\"https:\/\/golem-ai-website-wordpress-prod.s3.fr-par.scw.cloud\/wp-content\/uploads\/2021\/12\/16140054\/Celine-Forest-RS-V2.png\" \/>\n\t<meta property=\"og:image:type\" content=\"image\/png\" \/>\n<meta name=\"author\" content=\"Jean-Denis Garo\" \/>\n<meta name=\"twitter:card\" content=\"summary_large_image\" \/>\n<meta name=\"twitter:creator\" content=\"@miralia_ai\" \/>\n<meta name=\"twitter:site\" content=\"@miralia_ai\" \/>\n<script type=\"application\/ld+json\" class=\"yoast-schema-graph\">{\"@context\":\"https:\\\/\\\/schema.org\",\"@graph\":[{\"@type\":\"Article\",\"@id\":\"https:\\\/\\\/miralia.ai\\\/blog\\\/relation-client\\\/interfaces-celine-forest#article\",\"isPartOf\":{\"@id\":\"https:\\\/\\\/miralia.ai\\\/blog\\\/relation-client\\\/interfaces-celine-forest\"},\"author\":{\"name\":\"Jean-Denis Garo\",\"@id\":\"https:\\\/\\\/miralia.ai\\\/fr\\\/#\\\/schema\\\/person\\\/deba4a295ccb0b555672fccf6f0dca2e\"},\"headline\":\"Interfaces : les enjeux de l&rsquo;exp\u00e9rience clients\",\"datePublished\":\"2021-12-16T10:20:55+00:00\",\"dateModified\":\"2022-04-22T09:19:23+00:00\",\"mainEntityOfPage\":{\"@id\":\"https:\\\/\\\/miralia.ai\\\/blog\\\/relation-client\\\/interfaces-celine-forest\"},\"wordCount\":1782,\"publisher\":{\"@id\":\"https:\\\/\\\/miralia.ai\\\/fr\\\/#organization\"},\"image\":{\"@id\":\"https:\\\/\\\/miralia.ai\\\/blog\\\/relation-client\\\/interfaces-celine-forest#primaryimage\"},\"thumbnailUrl\":\"https:\\\/\\\/golem-ai-website-wordpress-prod.s3.fr-par.scw.cloud\\\/wp-content\\\/uploads\\\/2021\\\/12\\\/16140010\\\/Celine-Forest-Petite-banniere-V2.png\",\"keywords\":[\"exp\u00e9rience clients\",\"relation client\",\"Travail\"],\"articleSection\":[\"Blog\",\"Relation Client\"],\"inLanguage\":\"fr-FR\"},{\"@type\":\"WebPage\",\"@id\":\"https:\\\/\\\/miralia.ai\\\/blog\\\/relation-client\\\/interfaces-celine-forest\",\"url\":\"https:\\\/\\\/miralia.ai\\\/blog\\\/relation-client\\\/interfaces-celine-forest\",\"name\":\"Les nouveaux enjeux de l\u2019exp\u00e9rience et relation clients\",\"isPartOf\":{\"@id\":\"https:\\\/\\\/miralia.ai\\\/fr\\\/#website\"},\"primaryImageOfPage\":{\"@id\":\"https:\\\/\\\/miralia.ai\\\/blog\\\/relation-client\\\/interfaces-celine-forest#primaryimage\"},\"image\":{\"@id\":\"https:\\\/\\\/miralia.ai\\\/blog\\\/relation-client\\\/interfaces-celine-forest#primaryimage\"},\"thumbnailUrl\":\"https:\\\/\\\/golem-ai-website-wordpress-prod.s3.fr-par.scw.cloud\\\/wp-content\\\/uploads\\\/2021\\\/12\\\/16140010\\\/Celine-Forest-Petite-banniere-V2.png\",\"datePublished\":\"2021-12-16T10:20:55+00:00\",\"dateModified\":\"2022-04-22T09:19:23+00:00\",\"description\":\"Dans un contexte d\u2019acc\u00e9l\u00e9ration des interactions digitales, d\u00e9couvrez les nouveaux enjeux de la relation client dans cette interview de C\u00e9lia Forest.\",\"inLanguage\":\"fr-FR\",\"potentialAction\":[{\"@type\":\"ReadAction\",\"target\":[\"https:\\\/\\\/miralia.ai\\\/blog\\\/relation-client\\\/interfaces-celine-forest\"]}]},{\"@type\":\"ImageObject\",\"inLanguage\":\"fr-FR\",\"@id\":\"https:\\\/\\\/miralia.ai\\\/blog\\\/relation-client\\\/interfaces-celine-forest#primaryimage\",\"url\":\"https:\\\/\\\/golem-ai-website-wordpress-prod.s3.fr-par.scw.cloud\\\/wp-content\\\/uploads\\\/2021\\\/12\\\/16140054\\\/Celine-Forest-RS-V2.png\",\"contentUrl\":\"https:\\\/\\\/golem-ai-website-wordpress-prod.s3.fr-par.scw.cloud\\\/wp-content\\\/uploads\\\/2021\\\/12\\\/16140054\\\/Celine-Forest-RS-V2.png\",\"width\":\"\",\"height\":\"\"},{\"@type\":\"WebSite\",\"@id\":\"https:\\\/\\\/miralia.ai\\\/fr\\\/#website\",\"url\":\"https:\\\/\\\/miralia.ai\\\/fr\\\/\",\"name\":\"Miralia.ai\",\"description\":\"\",\"publisher\":{\"@id\":\"https:\\\/\\\/miralia.ai\\\/fr\\\/#organization\"},\"potentialAction\":[{\"@type\":\"SearchAction\",\"target\":{\"@type\":\"EntryPoint\",\"urlTemplate\":\"https:\\\/\\\/miralia.ai\\\/fr\\\/?s={search_term_string}\"},\"query-input\":{\"@type\":\"PropertyValueSpecification\",\"valueRequired\":true,\"valueName\":\"search_term_string\"}}],\"inLanguage\":\"fr-FR\"},{\"@type\":\"Organization\",\"@id\":\"https:\\\/\\\/miralia.ai\\\/fr\\\/#organization\",\"name\":\"Miralia\",\"url\":\"https:\\\/\\\/miralia.ai\\\/fr\\\/\",\"logo\":{\"@type\":\"ImageObject\",\"inLanguage\":\"fr-FR\",\"@id\":\"https:\\\/\\\/miralia.ai\\\/fr\\\/#\\\/schema\\\/logo\\\/image\\\/\",\"url\":\"https:\\\/\\\/golem-ai-website-wordpress-prod.s3.fr-par.scw.cloud\\\/wp-content\\\/uploads\\\/2026\\\/01\\\/07142128\\\/Logo-Miralia.png\",\"contentUrl\":\"https:\\\/\\\/golem-ai-website-wordpress-prod.s3.fr-par.scw.cloud\\\/wp-content\\\/uploads\\\/2026\\\/01\\\/07142128\\\/Logo-Miralia.png\",\"width\":1061,\"height\":211,\"caption\":\"Miralia\"},\"image\":{\"@id\":\"https:\\\/\\\/miralia.ai\\\/fr\\\/#\\\/schema\\\/logo\\\/image\\\/\"},\"sameAs\":[\"https:\\\/\\\/x.com\\\/miralia_ai\",\"https:\\\/\\\/www.linkedin.com\\\/company\\\/miralia\\\/\"]},{\"@type\":\"Person\",\"@id\":\"https:\\\/\\\/miralia.ai\\\/fr\\\/#\\\/schema\\\/person\\\/deba4a295ccb0b555672fccf6f0dca2e\",\"name\":\"Jean-Denis Garo\",\"image\":{\"@type\":\"ImageObject\",\"inLanguage\":\"fr-FR\",\"@id\":\"https:\\\/\\\/golem-ai-website-wordpress-prod.s3.fr-par.scw.cloud\\\/wp-content\\\/uploads\\\/2021\\\/10\\\/06140543\\\/Jean-denis-fonds-couleur-origine-150x150.png\",\"url\":\"https:\\\/\\\/golem-ai-website-wordpress-prod.s3.fr-par.scw.cloud\\\/wp-content\\\/uploads\\\/2021\\\/10\\\/06140543\\\/Jean-denis-fonds-couleur-origine-150x150.png\",\"contentUrl\":\"https:\\\/\\\/golem-ai-website-wordpress-prod.s3.fr-par.scw.cloud\\\/wp-content\\\/uploads\\\/2021\\\/10\\\/06140543\\\/Jean-denis-fonds-couleur-origine-150x150.png\",\"caption\":\"Jean-Denis Garo\"},\"url\":\"https:\\\/\\\/miralia.ai\\\/fr\\\/auteur\\\/jean-denisg\"}]}<\/script>\n<!-- \/ Yoast SEO plugin. -->","yoast_head_json":{"title":"Les nouveaux enjeux de l\u2019exp\u00e9rience et relation clients","description":"Dans un contexte d\u2019acc\u00e9l\u00e9ration des interactions digitales, d\u00e9couvrez les nouveaux enjeux de la relation client dans cette interview de C\u00e9lia Forest.","robots":{"index":"index","follow":"follow","max-snippet":"max-snippet:-1","max-image-preview":"max-image-preview:large","max-video-preview":"max-video-preview:-1"},"canonical":"https:\/\/miralia.ai\/fr\/blog\/relation-client\/interfaces-celine-forest\/","og_locale":"fr_FR","og_type":"article","og_title":"Les nouveaux enjeux de l\u2019exp\u00e9rience et relation clients","og_description":"Dans un contexte d\u2019acc\u00e9l\u00e9ration des interactions digitales, d\u00e9couvrez les nouveaux enjeux de la relation client dans cette interview de C\u00e9lia Forest.","og_url":"https:\/\/miralia.ai\/fr\/blog\/relation-client\/interfaces-celine-forest\/","og_site_name":"Miralia.ai","article_published_time":"2021-12-16T10:20:55+00:00","article_modified_time":"2022-04-22T09:19:23+00:00","og_image":[{"url":"https:\/\/golem-ai-website-wordpress-prod.s3.fr-par.scw.cloud\/wp-content\/uploads\/2021\/12\/16140054\/Celine-Forest-RS-V2.png","width":"","height":"","type":"image\/png"}],"author":"Jean-Denis Garo","twitter_card":"summary_large_image","twitter_creator":"@miralia_ai","twitter_site":"@miralia_ai","schema":{"@context":"https:\/\/schema.org","@graph":[{"@type":"Article","@id":"https:\/\/miralia.ai\/blog\/relation-client\/interfaces-celine-forest#article","isPartOf":{"@id":"https:\/\/miralia.ai\/blog\/relation-client\/interfaces-celine-forest"},"author":{"name":"Jean-Denis Garo","@id":"https:\/\/miralia.ai\/fr\/#\/schema\/person\/deba4a295ccb0b555672fccf6f0dca2e"},"headline":"Interfaces : les enjeux de l&rsquo;exp\u00e9rience clients","datePublished":"2021-12-16T10:20:55+00:00","dateModified":"2022-04-22T09:19:23+00:00","mainEntityOfPage":{"@id":"https:\/\/miralia.ai\/blog\/relation-client\/interfaces-celine-forest"},"wordCount":1782,"publisher":{"@id":"https:\/\/miralia.ai\/fr\/#organization"},"image":{"@id":"https:\/\/miralia.ai\/blog\/relation-client\/interfaces-celine-forest#primaryimage"},"thumbnailUrl":"https:\/\/golem-ai-website-wordpress-prod.s3.fr-par.scw.cloud\/wp-content\/uploads\/2021\/12\/16140010\/Celine-Forest-Petite-banniere-V2.png","keywords":["exp\u00e9rience clients","relation client","Travail"],"articleSection":["Blog","Relation Client"],"inLanguage":"fr-FR"},{"@type":"WebPage","@id":"https:\/\/miralia.ai\/blog\/relation-client\/interfaces-celine-forest","url":"https:\/\/miralia.ai\/blog\/relation-client\/interfaces-celine-forest","name":"Les nouveaux enjeux de l\u2019exp\u00e9rience et relation clients","isPartOf":{"@id":"https:\/\/miralia.ai\/fr\/#website"},"primaryImageOfPage":{"@id":"https:\/\/miralia.ai\/blog\/relation-client\/interfaces-celine-forest#primaryimage"},"image":{"@id":"https:\/\/miralia.ai\/blog\/relation-client\/interfaces-celine-forest#primaryimage"},"thumbnailUrl":"https:\/\/golem-ai-website-wordpress-prod.s3.fr-par.scw.cloud\/wp-content\/uploads\/2021\/12\/16140010\/Celine-Forest-Petite-banniere-V2.png","datePublished":"2021-12-16T10:20:55+00:00","dateModified":"2022-04-22T09:19:23+00:00","description":"Dans un contexte d\u2019acc\u00e9l\u00e9ration des interactions digitales, d\u00e9couvrez les nouveaux enjeux de la relation client dans cette interview de C\u00e9lia Forest.","inLanguage":"fr-FR","potentialAction":[{"@type":"ReadAction","target":["https:\/\/miralia.ai\/blog\/relation-client\/interfaces-celine-forest"]}]},{"@type":"ImageObject","inLanguage":"fr-FR","@id":"https:\/\/miralia.ai\/blog\/relation-client\/interfaces-celine-forest#primaryimage","url":"https:\/\/golem-ai-website-wordpress-prod.s3.fr-par.scw.cloud\/wp-content\/uploads\/2021\/12\/16140054\/Celine-Forest-RS-V2.png","contentUrl":"https:\/\/golem-ai-website-wordpress-prod.s3.fr-par.scw.cloud\/wp-content\/uploads\/2021\/12\/16140054\/Celine-Forest-RS-V2.png","width":"","height":""},{"@type":"WebSite","@id":"https:\/\/miralia.ai\/fr\/#website","url":"https:\/\/miralia.ai\/fr\/","name":"Miralia.ai","description":"","publisher":{"@id":"https:\/\/miralia.ai\/fr\/#organization"},"potentialAction":[{"@type":"SearchAction","target":{"@type":"EntryPoint","urlTemplate":"https:\/\/miralia.ai\/fr\/?s={search_term_string}"},"query-input":{"@type":"PropertyValueSpecification","valueRequired":true,"valueName":"search_term_string"}}],"inLanguage":"fr-FR"},{"@type":"Organization","@id":"https:\/\/miralia.ai\/fr\/#organization","name":"Miralia","url":"https:\/\/miralia.ai\/fr\/","logo":{"@type":"ImageObject","inLanguage":"fr-FR","@id":"https:\/\/miralia.ai\/fr\/#\/schema\/logo\/image\/","url":"https:\/\/golem-ai-website-wordpress-prod.s3.fr-par.scw.cloud\/wp-content\/uploads\/2026\/01\/07142128\/Logo-Miralia.png","contentUrl":"https:\/\/golem-ai-website-wordpress-prod.s3.fr-par.scw.cloud\/wp-content\/uploads\/2026\/01\/07142128\/Logo-Miralia.png","width":1061,"height":211,"caption":"Miralia"},"image":{"@id":"https:\/\/miralia.ai\/fr\/#\/schema\/logo\/image\/"},"sameAs":["https:\/\/x.com\/miralia_ai","https:\/\/www.linkedin.com\/company\/miralia\/"]},{"@type":"Person","@id":"https:\/\/miralia.ai\/fr\/#\/schema\/person\/deba4a295ccb0b555672fccf6f0dca2e","name":"Jean-Denis Garo","image":{"@type":"ImageObject","inLanguage":"fr-FR","@id":"https:\/\/golem-ai-website-wordpress-prod.s3.fr-par.scw.cloud\/wp-content\/uploads\/2021\/10\/06140543\/Jean-denis-fonds-couleur-origine-150x150.png","url":"https:\/\/golem-ai-website-wordpress-prod.s3.fr-par.scw.cloud\/wp-content\/uploads\/2021\/10\/06140543\/Jean-denis-fonds-couleur-origine-150x150.png","contentUrl":"https:\/\/golem-ai-website-wordpress-prod.s3.fr-par.scw.cloud\/wp-content\/uploads\/2021\/10\/06140543\/Jean-denis-fonds-couleur-origine-150x150.png","caption":"Jean-Denis Garo"},"url":"https:\/\/miralia.ai\/fr\/auteur\/jean-denisg"}]}},"_links":{"self":[{"href":"https:\/\/miralia.ai\/fr\/wp-json\/wp\/v2\/posts\/9896","targetHints":{"allow":["GET"]}}],"collection":[{"href":"https:\/\/miralia.ai\/fr\/wp-json\/wp\/v2\/posts"}],"about":[{"href":"https:\/\/miralia.ai\/fr\/wp-json\/wp\/v2\/types\/post"}],"author":[{"embeddable":true,"href":"https:\/\/miralia.ai\/fr\/wp-json\/wp\/v2\/users\/8"}],"replies":[{"embeddable":true,"href":"https:\/\/miralia.ai\/fr\/wp-json\/wp\/v2\/comments?post=9896"}],"version-history":[{"count":5,"href":"https:\/\/miralia.ai\/fr\/wp-json\/wp\/v2\/posts\/9896\/revisions"}],"predecessor-version":[{"id":12850,"href":"https:\/\/miralia.ai\/fr\/wp-json\/wp\/v2\/posts\/9896\/revisions\/12850"}],"wp:featuredmedia":[{"embeddable":true,"href":"https:\/\/miralia.ai\/fr\/wp-json\/wp\/v2\/media\/9918"}],"wp:attachment":[{"href":"https:\/\/miralia.ai\/fr\/wp-json\/wp\/v2\/media?parent=9896"}],"wp:term":[{"taxonomy":"category","embeddable":true,"href":"https:\/\/miralia.ai\/fr\/wp-json\/wp\/v2\/categories?post=9896"},{"taxonomy":"post_tag","embeddable":true,"href":"https:\/\/miralia.ai\/fr\/wp-json\/wp\/v2\/tags?post=9896"}],"curies":[{"name":"wp","href":"https:\/\/api.w.org\/{rel}","templated":true}]}}