{"id":9811,"date":"2021-12-08T12:16:31","date_gmt":"2021-12-08T11:16:31","guid":{"rendered":"https:\/\/golem.ai\/?p=9811"},"modified":"2022-07-26T15:52:26","modified_gmt":"2022-07-26T13:52:26","slug":"ia-rh-travail-podcast","status":"publish","type":"post","link":"https:\/\/miralia.ai\/fr\/blog\/ia-rh-travail-podcast","title":{"rendered":"Robotique et IA : quels impacts sur le travail et les RH en 2050 ?"},"content":{"rendered":"\n<h3 class=\"wp-block-heading\"><em>La mutation de nos m\u00e9tiers \u00e0 l\u2019\u00e8re du num\u00e9rique s\u2019acc\u00e9l\u00e8re et bouleverse le travail. Se pose alors la question de la place de la robotique et de l\u2019intelligence artificielle dans ces changements mais surtout leurs impacts parfois confondus dans m\u00e9lange d\u2019id\u00e9alisme et de peurs. Explorez le futur du travail avec Catherine Simon, pionni\u00e8re de la robotique en France et Thomas Solignac expert en IA et co-fondateur de Golem.ai pour le <\/em><a href=\"https:\/\/open.spotify.com\/episode\/1Q9zU8Ndv2VRtN3mVZxRLM\" target=\"_blank\" rel=\"noreferrer noopener\"><em>podcast G\u00e9n\u00e9ration Alpha<\/em><\/a><em>.<\/em><\/h3>\n\n\n\n<h2 class=\"wp-block-heading\"><strong>Perception et acceptation<\/strong><\/h2>\n\n\n\n<p>La science-fiction v\u00e9hicule de nombreux pr\u00e9jug\u00e9s sur les <a href=\"https:\/\/golem.ai\/fr\/blog\/entreprise\/ia-travail-tedx\/\"><strong>impacts r\u00e9els<\/strong><\/a> des nouvelles technologies sur notre quotidien. Fantasmes et peurs se m\u00ealent dans une vision parfois dystopique notamment pour notre g\u00e9n\u00e9ration et celles futures.&nbsp;<\/p>\n\n\n\n<p>Pourtant ces <strong>innovations <\/strong>sont bien pr\u00e9sentes dans nos soci\u00e9t\u00e9s. Se pose alors l\u00e9gitimement la question des cons\u00e9quences de ces innovations sur le <strong>travail<\/strong>, sur les entreprises, sur les ressources humaines mais aussi et surtout leur acceptation.<\/p>\n\n\n\n<p><em>\u201c(&#8230;) une grande partie&nbsp;de la robotique est anthropomorphique. Par exemple, lorsque nous voyons un bras dans une entreprise, nous ne nous posons pas la question de la douleur qu\u2019il pourrait ressentir. Par contre quand on voit des robots avec une t\u00eate, deux jambes&#8230; tous ces cas l\u00e0 effectivement nous pose la question de savoir si c\u2019est une bonne chose (&#8230;)\u201d. Thomas Solignac<\/em><\/p>\n\n\n\n<figure class=\"wp-block-image aligncenter size-full is-resized\"><a href=\"https:\/\/golem.ai\/fr\/ressources\/\"><img fetchpriority=\"high\" decoding=\"async\" src=\"https:\/\/golem-ai-website-wordpress-prod.s3.fr-par.scw.cloud\/wp-content\/uploads\/2022\/03\/26173514\/Contenus.png\" alt=\"\" class=\"wp-image-12234\" width=\"480\" height=\"270\" srcset=\"https:\/\/golem-ai-website-wordpress-prod.s3.fr-par.scw.cloud\/wp-content\/uploads\/2022\/03\/26173514\/Contenus-300x169.png 300w, https:\/\/golem-ai-website-wordpress-prod.s3.fr-par.scw.cloud\/wp-content\/uploads\/2022\/03\/26173514\/Contenus-768x432.png 768w, https:\/\/golem-ai-website-wordpress-prod.s3.fr-par.scw.cloud\/wp-content\/uploads\/2022\/03\/26173514\/Contenus-18x10.png 18w, https:\/\/golem-ai-website-wordpress-prod.s3.fr-par.scw.cloud\/wp-content\/uploads\/2022\/03\/26173514\/Contenus.png 960w\" sizes=\"(max-width: 480px) 100vw, 480px\" \/><\/a><\/figure>\n\n\n\n<h2 class=\"wp-block-heading\"><strong>Un travail transform\u00e9<\/strong><\/h2>\n\n\n\n<p>91% des Fran\u00e7ais ont d\u00e9j\u00e0 entendu parler de la notion d\u2019<strong>intelligence artificielle<\/strong>, 1 Fran\u00e7ais sur 2 d\u00e9clare m\u00eame savoir de quoi il s\u2019agit pr\u00e9cis\u00e9ment, mais seulement 16% l\u2019utilisent dans leur vie professionnelle*. C\u2019est un paradoxe qui contribue au d\u00e9veloppement de nombreuses peurs et mauvaises <a href=\"https:\/\/golem.ai\/fr\/blog\/intelligence-artificielle-travail-impacts\/\">perceptions des impacts<\/a> de l\u2019IA et de la robotique.<\/p>\n\n\n\n<p>Et pourtant, l\u2019intelligence artificielle et la <strong>robotique<\/strong>, intimement li\u00e9es, impacts d\u00e9j\u00e0 beaucoup de secteurs comme l\u2019industrie, l\u2019agriculture, la sant\u00e9, les services\u2026 Mais la r\u00e9elle question porte sur les choix humains en amont de la s\u00e9paration des t\u00e2ches qui seront r\u00e9alis\u00e9es et plus largement de la fa\u00e7on dont les <strong>algorithmes<\/strong> fonctionnent. QUID de l\u2019explicabilit\u00e9 ? De la <a href=\"https:\/\/golem.ai\/fr\/blog\/entreprise\/lia-un-enjeu-business-ethique-et-environnemental\/\">frugalit\u00e9<\/a> ?&nbsp;<\/p>\n\n\n\n<p>Pour en savoir plus, d\u00e9couvrez l\u2019ensemble du podcast \u201c<a href=\"https:\/\/open.spotify.com\/episode\/1Q9zU8Ndv2VRtN3mVZxRLM\" target=\"_blank\" rel=\"noreferrer noopener\">G\u00e9n\u00e9ration Alpha<\/a>\u201d, un podcast qui explore le <strong>futur du travail<\/strong> et anim\u00e9 par le journaliste et podcasteur Herv\u00e9 Hauboldt.<\/p>\n\n\n\n<figure class=\"wp-block-embed alignwide is-type-rich is-provider-spotify wp-block-embed-spotify wp-embed-aspect-21-9 wp-has-aspect-ratio\"><div class=\"wp-block-embed__wrapper\">\n<iframe title=\"Spotify Embed: Robotique et intelligence artificielle : quel impact sur le travail et les RH en 2050 ?\" style=\"border-radius: 12px\" width=\"100%\" height=\"152\" frameborder=\"0\" allowfullscreen allow=\"autoplay; clipboard-write; encrypted-media; fullscreen; picture-in-picture\" src=\"https:\/\/open.spotify.com\/embed\/episode\/1Q9zU8Ndv2VRtN3mVZxRLM?utm_source=oembed\"><\/iframe>\n<\/div><\/figure>\n\n\n\n<p>D\u00e9couvrez comment notre technologie permet d\u2019am\u00e9liorer la&nbsp;<a href=\"https:\/\/golem.ai\/fr\/solutions\/relation-client\/\"><strong>relation client<\/strong><\/a>, la&nbsp;<strong><a href=\"https:\/\/golem.ai\/fr\/solutions\/conformite\/\">conformit\u00e9<\/a><\/strong>&nbsp;et le traitement des&nbsp;<a href=\"https:\/\/golem.ai\/fr\/solutions\/gestion-appels-offres\/\"><strong>appels d\u2019offres<\/strong><\/a>&nbsp;pour les entreprises. N\u2019h\u00e9sitez pas \u00e0 contacter&nbsp;<a href=\"https:\/\/golem.ai\/fr\/contact\/\"><strong>nos \u00e9quipes<\/strong><\/a>&nbsp;si vous avez la moindre question, elles se feront un plaisir de vous r\u00e9pondre !<\/p>\n<!-- AddThis Advanced Settings generic via filter on the_content --><!-- AddThis Share Buttons generic via filter on the_content -->","protected":false},"excerpt":{"rendered":"<p>Dans ce podcast, d\u00e9couvrez les interviews de Catherine Simon et Thomas Solignac sur les impacts de l\u2019IA et de la robotique et les questions qu\u2019ils posent.<!-- AddThis Advanced Settings generic via filter on get_the_excerpt --><!-- AddThis Share Buttons generic via filter on get_the_excerpt --><\/p>\n","protected":false},"author":3,"featured_media":9813,"comment_status":"closed","ping_status":"open","sticky":false,"template":"","format":"standard","meta":{"_acf_changed":false,"content-type":"","footnotes":""},"categories":[68],"tags":[76,75,81,82,78],"class_list":["post-9811","post","type-post","status-publish","format-standard","has-post-thumbnail","hentry","category-blog","tag-ia","tag-intelligence-artificielle","tag-podcast","tag-rh","tag-travail"],"acf":[],"yoast_head":"<!-- This site is optimized with the Yoast SEO plugin v27.5 - https:\/\/yoast.com\/product\/yoast-seo-wordpress\/ -->\n<title>Intelligence artificielle et robotique, les impacts sur le travail et les RH<\/title>\n<meta name=\"description\" content=\"L\u2019avenir des g\u00e9n\u00e9rations d\u00e9pend pour beaucoup des impacts actuels et futurs sur le travail de la robotique et de l&#039;IA. Mais quels sont-ils ?\" \/>\n<meta name=\"robots\" content=\"index, follow, max-snippet:-1, max-image-preview:large, max-video-preview:-1\" \/>\n<link rel=\"canonical\" href=\"https:\/\/miralia.ai\/fr\/blog\/ia-rh-travail-podcast\/\" \/>\n<meta property=\"og:locale\" content=\"fr_FR\" \/>\n<meta property=\"og:type\" content=\"article\" \/>\n<meta property=\"og:title\" content=\"Intelligence artificielle et robotique, les impacts sur le travail et les RH\" \/>\n<meta property=\"og:description\" content=\"L\u2019avenir des g\u00e9n\u00e9rations d\u00e9pend pour beaucoup des impacts actuels et futurs sur le travail de la robotique et de l&#039;IA. Mais quels sont-ils ?\" \/>\n<meta property=\"og:url\" content=\"https:\/\/miralia.ai\/fr\/blog\/ia-rh-travail-podcast\/\" \/>\n<meta property=\"og:site_name\" content=\"Miralia.ai\" \/>\n<meta property=\"article:published_time\" content=\"2021-12-08T11:16:31+00:00\" \/>\n<meta property=\"article:modified_time\" content=\"2022-07-26T13:52:26+00:00\" \/>\n<meta property=\"og:image\" content=\"https:\/\/golem-ai-website-wordpress-prod.s3.fr-par.scw.cloud\/wp-content\/uploads\/2022\/03\/04113541\/Visuel-post-RS-1600x900-3.png\" \/>\n\t<meta property=\"og:image:type\" content=\"image\/png\" \/>\n<meta name=\"author\" content=\"Thomas Leduc\" \/>\n<meta name=\"twitter:card\" content=\"summary_large_image\" \/>\n<meta name=\"twitter:image\" content=\"https:\/\/golem-ai-website-wordpress-prod.s3.fr-par.scw.cloud\/wp-content\/uploads\/2021\/12\/08121448\/Generation-Alpha-Podcast-RS.png\" \/>\n<meta name=\"twitter:creator\" content=\"@miralia_ai\" \/>\n<meta name=\"twitter:site\" content=\"@miralia_ai\" \/>\n<script type=\"application\/ld+json\" class=\"yoast-schema-graph\">{\"@context\":\"https:\\\/\\\/schema.org\",\"@graph\":[{\"@type\":\"Article\",\"@id\":\"https:\\\/\\\/miralia.ai\\\/blog\\\/entreprise\\\/ia-rh-travail-podcast#article\",\"isPartOf\":{\"@id\":\"https:\\\/\\\/miralia.ai\\\/blog\\\/entreprise\\\/ia-rh-travail-podcast\"},\"author\":{\"name\":\"Thomas Leduc\",\"@id\":\"https:\\\/\\\/miralia.ai\\\/fr\\\/#\\\/schema\\\/person\\\/a25711a1713dceec302b048e7a97f063\"},\"headline\":\"Robotique et IA : quels impacts sur le travail et les RH en 2050 ?\",\"datePublished\":\"2021-12-08T11:16:31+00:00\",\"dateModified\":\"2022-07-26T13:52:26+00:00\",\"mainEntityOfPage\":{\"@id\":\"https:\\\/\\\/miralia.ai\\\/blog\\\/entreprise\\\/ia-rh-travail-podcast\"},\"wordCount\":476,\"publisher\":{\"@id\":\"https:\\\/\\\/miralia.ai\\\/fr\\\/#organization\"},\"image\":{\"@id\":\"https:\\\/\\\/miralia.ai\\\/blog\\\/entreprise\\\/ia-rh-travail-podcast#primaryimage\"},\"thumbnailUrl\":\"https:\\\/\\\/golem-ai-website-wordpress-prod.s3.fr-par.scw.cloud\\\/wp-content\\\/uploads\\\/2021\\\/12\\\/08121416\\\/Generation-Alpha-Podcast-Petite-Banniere.png\",\"keywords\":[\"IA\",\"intelligence artificielle\",\"podcast\",\"RH\",\"Travail\"],\"articleSection\":[\"Blog\"],\"inLanguage\":\"fr-FR\"},{\"@type\":\"WebPage\",\"@id\":\"https:\\\/\\\/miralia.ai\\\/blog\\\/entreprise\\\/ia-rh-travail-podcast\",\"url\":\"https:\\\/\\\/miralia.ai\\\/blog\\\/entreprise\\\/ia-rh-travail-podcast\",\"name\":\"Intelligence artificielle et robotique, les impacts sur le travail et les RH\",\"isPartOf\":{\"@id\":\"https:\\\/\\\/miralia.ai\\\/fr\\\/#website\"},\"primaryImageOfPage\":{\"@id\":\"https:\\\/\\\/miralia.ai\\\/blog\\\/entreprise\\\/ia-rh-travail-podcast#primaryimage\"},\"image\":{\"@id\":\"https:\\\/\\\/miralia.ai\\\/blog\\\/entreprise\\\/ia-rh-travail-podcast#primaryimage\"},\"thumbnailUrl\":\"https:\\\/\\\/golem-ai-website-wordpress-prod.s3.fr-par.scw.cloud\\\/wp-content\\\/uploads\\\/2021\\\/12\\\/08121416\\\/Generation-Alpha-Podcast-Petite-Banniere.png\",\"datePublished\":\"2021-12-08T11:16:31+00:00\",\"dateModified\":\"2022-07-26T13:52:26+00:00\",\"description\":\"L\u2019avenir des g\u00e9n\u00e9rations d\u00e9pend pour beaucoup des impacts actuels et futurs sur le travail de la robotique et de l'IA. Mais quels sont-ils ?\",\"inLanguage\":\"fr-FR\",\"potentialAction\":[{\"@type\":\"ReadAction\",\"target\":[\"https:\\\/\\\/miralia.ai\\\/blog\\\/entreprise\\\/ia-rh-travail-podcast\"]}]},{\"@type\":\"ImageObject\",\"inLanguage\":\"fr-FR\",\"@id\":\"https:\\\/\\\/miralia.ai\\\/blog\\\/entreprise\\\/ia-rh-travail-podcast#primaryimage\",\"url\":\"https:\\\/\\\/golem-ai-website-wordpress-prod.s3.fr-par.scw.cloud\\\/wp-content\\\/uploads\\\/2022\\\/03\\\/04113541\\\/Visuel-post-RS-1600x900-3.png\",\"contentUrl\":\"https:\\\/\\\/golem-ai-website-wordpress-prod.s3.fr-par.scw.cloud\\\/wp-content\\\/uploads\\\/2022\\\/03\\\/04113541\\\/Visuel-post-RS-1600x900-3.png\",\"width\":\"\",\"height\":\"\"},{\"@type\":\"WebSite\",\"@id\":\"https:\\\/\\\/miralia.ai\\\/fr\\\/#website\",\"url\":\"https:\\\/\\\/miralia.ai\\\/fr\\\/\",\"name\":\"Miralia.ai\",\"description\":\"\",\"publisher\":{\"@id\":\"https:\\\/\\\/miralia.ai\\\/fr\\\/#organization\"},\"potentialAction\":[{\"@type\":\"SearchAction\",\"target\":{\"@type\":\"EntryPoint\",\"urlTemplate\":\"https:\\\/\\\/miralia.ai\\\/fr\\\/?s={search_term_string}\"},\"query-input\":{\"@type\":\"PropertyValueSpecification\",\"valueRequired\":true,\"valueName\":\"search_term_string\"}}],\"inLanguage\":\"fr-FR\"},{\"@type\":\"Organization\",\"@id\":\"https:\\\/\\\/miralia.ai\\\/fr\\\/#organization\",\"name\":\"Miralia\",\"url\":\"https:\\\/\\\/miralia.ai\\\/fr\\\/\",\"logo\":{\"@type\":\"ImageObject\",\"inLanguage\":\"fr-FR\",\"@id\":\"https:\\\/\\\/miralia.ai\\\/fr\\\/#\\\/schema\\\/logo\\\/image\\\/\",\"url\":\"https:\\\/\\\/golem-ai-website-wordpress-prod.s3.fr-par.scw.cloud\\\/wp-content\\\/uploads\\\/2026\\\/01\\\/07142128\\\/Logo-Miralia.png\",\"contentUrl\":\"https:\\\/\\\/golem-ai-website-wordpress-prod.s3.fr-par.scw.cloud\\\/wp-content\\\/uploads\\\/2026\\\/01\\\/07142128\\\/Logo-Miralia.png\",\"width\":1061,\"height\":211,\"caption\":\"Miralia\"},\"image\":{\"@id\":\"https:\\\/\\\/miralia.ai\\\/fr\\\/#\\\/schema\\\/logo\\\/image\\\/\"},\"sameAs\":[\"https:\\\/\\\/x.com\\\/miralia_ai\",\"https:\\\/\\\/www.linkedin.com\\\/company\\\/miralia\\\/\"]},{\"@type\":\"Person\",\"@id\":\"https:\\\/\\\/miralia.ai\\\/fr\\\/#\\\/schema\\\/person\\\/a25711a1713dceec302b048e7a97f063\",\"name\":\"Thomas Leduc\",\"image\":{\"@type\":\"ImageObject\",\"inLanguage\":\"fr-FR\",\"@id\":\"https:\\\/\\\/golem-ai-website-wordpress-prod.s3.fr-par.scw.cloud\\\/wp-content\\\/uploads\\\/2021\\\/10\\\/06140903\\\/photo-thomas-leduc-150x150.png\",\"url\":\"https:\\\/\\\/golem-ai-website-wordpress-prod.s3.fr-par.scw.cloud\\\/wp-content\\\/uploads\\\/2021\\\/10\\\/06140903\\\/photo-thomas-leduc-150x150.png\",\"contentUrl\":\"https:\\\/\\\/golem-ai-website-wordpress-prod.s3.fr-par.scw.cloud\\\/wp-content\\\/uploads\\\/2021\\\/10\\\/06140903\\\/photo-thomas-leduc-150x150.png\",\"caption\":\"Thomas Leduc\"},\"url\":\"https:\\\/\\\/miralia.ai\\\/fr\\\/auteur\\\/thomasl\"}]}<\/script>\n<!-- \/ Yoast SEO plugin. -->","yoast_head_json":{"title":"Intelligence artificielle et robotique, les impacts sur le travail et les RH","description":"L\u2019avenir des g\u00e9n\u00e9rations d\u00e9pend pour beaucoup des impacts actuels et futurs sur le travail de la robotique et de l'IA. Mais quels sont-ils ?","robots":{"index":"index","follow":"follow","max-snippet":"max-snippet:-1","max-image-preview":"max-image-preview:large","max-video-preview":"max-video-preview:-1"},"canonical":"https:\/\/miralia.ai\/fr\/blog\/ia-rh-travail-podcast\/","og_locale":"fr_FR","og_type":"article","og_title":"Intelligence artificielle et robotique, les impacts sur le travail et les RH","og_description":"L\u2019avenir des g\u00e9n\u00e9rations d\u00e9pend pour beaucoup des impacts actuels et futurs sur le travail de la robotique et de l'IA. Mais quels sont-ils ?","og_url":"https:\/\/miralia.ai\/fr\/blog\/ia-rh-travail-podcast\/","og_site_name":"Miralia.ai","article_published_time":"2021-12-08T11:16:31+00:00","article_modified_time":"2022-07-26T13:52:26+00:00","og_image":[{"url":"https:\/\/golem-ai-website-wordpress-prod.s3.fr-par.scw.cloud\/wp-content\/uploads\/2022\/03\/04113541\/Visuel-post-RS-1600x900-3.png","width":"","height":"","type":"image\/png"}],"author":"Thomas Leduc","twitter_card":"summary_large_image","twitter_image":"https:\/\/golem-ai-website-wordpress-prod.s3.fr-par.scw.cloud\/wp-content\/uploads\/2021\/12\/08121448\/Generation-Alpha-Podcast-RS.png","twitter_creator":"@miralia_ai","twitter_site":"@miralia_ai","schema":{"@context":"https:\/\/schema.org","@graph":[{"@type":"Article","@id":"https:\/\/miralia.ai\/blog\/entreprise\/ia-rh-travail-podcast#article","isPartOf":{"@id":"https:\/\/miralia.ai\/blog\/entreprise\/ia-rh-travail-podcast"},"author":{"name":"Thomas Leduc","@id":"https:\/\/miralia.ai\/fr\/#\/schema\/person\/a25711a1713dceec302b048e7a97f063"},"headline":"Robotique et IA : quels impacts sur le travail et les RH en 2050 ?","datePublished":"2021-12-08T11:16:31+00:00","dateModified":"2022-07-26T13:52:26+00:00","mainEntityOfPage":{"@id":"https:\/\/miralia.ai\/blog\/entreprise\/ia-rh-travail-podcast"},"wordCount":476,"publisher":{"@id":"https:\/\/miralia.ai\/fr\/#organization"},"image":{"@id":"https:\/\/miralia.ai\/blog\/entreprise\/ia-rh-travail-podcast#primaryimage"},"thumbnailUrl":"https:\/\/golem-ai-website-wordpress-prod.s3.fr-par.scw.cloud\/wp-content\/uploads\/2021\/12\/08121416\/Generation-Alpha-Podcast-Petite-Banniere.png","keywords":["IA","intelligence artificielle","podcast","RH","Travail"],"articleSection":["Blog"],"inLanguage":"fr-FR"},{"@type":"WebPage","@id":"https:\/\/miralia.ai\/blog\/entreprise\/ia-rh-travail-podcast","url":"https:\/\/miralia.ai\/blog\/entreprise\/ia-rh-travail-podcast","name":"Intelligence artificielle et robotique, les impacts sur le travail et les RH","isPartOf":{"@id":"https:\/\/miralia.ai\/fr\/#website"},"primaryImageOfPage":{"@id":"https:\/\/miralia.ai\/blog\/entreprise\/ia-rh-travail-podcast#primaryimage"},"image":{"@id":"https:\/\/miralia.ai\/blog\/entreprise\/ia-rh-travail-podcast#primaryimage"},"thumbnailUrl":"https:\/\/golem-ai-website-wordpress-prod.s3.fr-par.scw.cloud\/wp-content\/uploads\/2021\/12\/08121416\/Generation-Alpha-Podcast-Petite-Banniere.png","datePublished":"2021-12-08T11:16:31+00:00","dateModified":"2022-07-26T13:52:26+00:00","description":"L\u2019avenir des g\u00e9n\u00e9rations d\u00e9pend pour beaucoup des impacts actuels et futurs sur le travail de la robotique et de l'IA. Mais quels sont-ils ?","inLanguage":"fr-FR","potentialAction":[{"@type":"ReadAction","target":["https:\/\/miralia.ai\/blog\/entreprise\/ia-rh-travail-podcast"]}]},{"@type":"ImageObject","inLanguage":"fr-FR","@id":"https:\/\/miralia.ai\/blog\/entreprise\/ia-rh-travail-podcast#primaryimage","url":"https:\/\/golem-ai-website-wordpress-prod.s3.fr-par.scw.cloud\/wp-content\/uploads\/2022\/03\/04113541\/Visuel-post-RS-1600x900-3.png","contentUrl":"https:\/\/golem-ai-website-wordpress-prod.s3.fr-par.scw.cloud\/wp-content\/uploads\/2022\/03\/04113541\/Visuel-post-RS-1600x900-3.png","width":"","height":""},{"@type":"WebSite","@id":"https:\/\/miralia.ai\/fr\/#website","url":"https:\/\/miralia.ai\/fr\/","name":"Miralia.ai","description":"","publisher":{"@id":"https:\/\/miralia.ai\/fr\/#organization"},"potentialAction":[{"@type":"SearchAction","target":{"@type":"EntryPoint","urlTemplate":"https:\/\/miralia.ai\/fr\/?s={search_term_string}"},"query-input":{"@type":"PropertyValueSpecification","valueRequired":true,"valueName":"search_term_string"}}],"inLanguage":"fr-FR"},{"@type":"Organization","@id":"https:\/\/miralia.ai\/fr\/#organization","name":"Miralia","url":"https:\/\/miralia.ai\/fr\/","logo":{"@type":"ImageObject","inLanguage":"fr-FR","@id":"https:\/\/miralia.ai\/fr\/#\/schema\/logo\/image\/","url":"https:\/\/golem-ai-website-wordpress-prod.s3.fr-par.scw.cloud\/wp-content\/uploads\/2026\/01\/07142128\/Logo-Miralia.png","contentUrl":"https:\/\/golem-ai-website-wordpress-prod.s3.fr-par.scw.cloud\/wp-content\/uploads\/2026\/01\/07142128\/Logo-Miralia.png","width":1061,"height":211,"caption":"Miralia"},"image":{"@id":"https:\/\/miralia.ai\/fr\/#\/schema\/logo\/image\/"},"sameAs":["https:\/\/x.com\/miralia_ai","https:\/\/www.linkedin.com\/company\/miralia\/"]},{"@type":"Person","@id":"https:\/\/miralia.ai\/fr\/#\/schema\/person\/a25711a1713dceec302b048e7a97f063","name":"Thomas Leduc","image":{"@type":"ImageObject","inLanguage":"fr-FR","@id":"https:\/\/golem-ai-website-wordpress-prod.s3.fr-par.scw.cloud\/wp-content\/uploads\/2021\/10\/06140903\/photo-thomas-leduc-150x150.png","url":"https:\/\/golem-ai-website-wordpress-prod.s3.fr-par.scw.cloud\/wp-content\/uploads\/2021\/10\/06140903\/photo-thomas-leduc-150x150.png","contentUrl":"https:\/\/golem-ai-website-wordpress-prod.s3.fr-par.scw.cloud\/wp-content\/uploads\/2021\/10\/06140903\/photo-thomas-leduc-150x150.png","caption":"Thomas Leduc"},"url":"https:\/\/miralia.ai\/fr\/auteur\/thomasl"}]}},"_links":{"self":[{"href":"https:\/\/miralia.ai\/fr\/wp-json\/wp\/v2\/posts\/9811","targetHints":{"allow":["GET"]}}],"collection":[{"href":"https:\/\/miralia.ai\/fr\/wp-json\/wp\/v2\/posts"}],"about":[{"href":"https:\/\/miralia.ai\/fr\/wp-json\/wp\/v2\/types\/post"}],"author":[{"embeddable":true,"href":"https:\/\/miralia.ai\/fr\/wp-json\/wp\/v2\/users\/3"}],"replies":[{"embeddable":true,"href":"https:\/\/miralia.ai\/fr\/wp-json\/wp\/v2\/comments?post=9811"}],"version-history":[{"count":5,"href":"https:\/\/miralia.ai\/fr\/wp-json\/wp\/v2\/posts\/9811\/revisions"}],"predecessor-version":[{"id":14687,"href":"https:\/\/miralia.ai\/fr\/wp-json\/wp\/v2\/posts\/9811\/revisions\/14687"}],"wp:featuredmedia":[{"embeddable":true,"href":"https:\/\/miralia.ai\/fr\/wp-json\/wp\/v2\/media\/9813"}],"wp:attachment":[{"href":"https:\/\/miralia.ai\/fr\/wp-json\/wp\/v2\/media?parent=9811"}],"wp:term":[{"taxonomy":"category","embeddable":true,"href":"https:\/\/miralia.ai\/fr\/wp-json\/wp\/v2\/categories?post=9811"},{"taxonomy":"post_tag","embeddable":true,"href":"https:\/\/miralia.ai\/fr\/wp-json\/wp\/v2\/tags?post=9811"}],"curies":[{"name":"wp","href":"https:\/\/api.w.org\/{rel}","templated":true}]}}