{"id":8624,"date":"2021-09-10T14:00:00","date_gmt":"2021-09-10T12:00:00","guid":{"rendered":"https:\/\/golem.ai\/?p=8624"},"modified":"2022-04-22T11:48:04","modified_gmt":"2022-04-22T09:48:04","slug":"citee-ia-conference","status":"publish","type":"post","link":"https:\/\/miralia.ai\/fr\/blog\/citee-ia-conference","title":{"rendered":"L&rsquo;\u00e9cosyst\u00e8me IA en Hauts-de-France"},"content":{"rendered":"\n<h3 class=\"wp-block-heading\">L\u2019expansion de l\u2019\u00e9cosyst\u00e8me IA est une r\u00e9alit\u00e9 \u00e9conomique, acad\u00e9mique et institutionnelle que la r\u00e9gion Haut-de-France facilite depuis plusieurs ann\u00e9es, notamment \u00e0 la&nbsp;<strong><a href=\"https:\/\/www.iahdf.org\/\">Cit\u00e9 de l\u2019IA<\/a><\/strong>. Retour sur&nbsp;<strong><a href=\"https:\/\/www.iahdf.org\/post\/invitation-programme-du-09-septembre-2021-iahdf-2-ans-apr%C3%A8s-o%C3%B9-en-sommes-nous\">la grande conf\u00e9rence annuelle<\/a><\/strong>&nbsp;de l\u2019\u00e9cosyst\u00e8me IA HDF, port\u00e9e par les acteurs de la r\u00e9gion partageant leurs expertises mais aussi leurs visions.<\/h3>\n\n\n\n<h2 class=\"wp-block-heading\">L\u2019IA, un sujet qui n\u2019a rien d&rsquo;inaccessible<\/h2>\n\n\n\n<p>La Cit\u00e9 de l&rsquo;IA, port\u00e9e par le Medef Lille M\u00e9tropole, a \u00e9t\u00e9 cr\u00e9\u00e9e pour d\u00e9velopper des synergies et faciliter la&nbsp;<strong>coop\u00e9ration d\u2019acteurs de la r\u00e9gion<\/strong>&nbsp;en faveur de projets d\u2019intelligence artificielle.<\/p>\n\n\n\n<p>C\u2019est dans une optique de&nbsp;<strong>d\u00e9mystification de l\u2019IA<\/strong>&nbsp;et d&rsquo;accessibilit\u00e9 simplifi\u00e9e que ces entreprises peuvent participer au d\u00e9veloppement de l\u2019\u00e9cosyst\u00e8me, tant dans l\u2019apport d\u2019expertise et savoir-faire, que de cas d\u2019usages. Apr\u00e8s deux ans d\u2019\u00e9tude des impacts de ces projets, le constat est clair,&nbsp;<strong>l\u2019IA est un formidable levier d&rsquo;attractivit\u00e9 \u00e9conomique<\/strong>.<\/p>\n\n\n\n<div class=\"wp-block-image\"><figure class=\"aligncenter size-full is-resized\"><a href=\"https:\/\/golem.ai\/fr\/ressources\/\"><img fetchpriority=\"high\" decoding=\"async\" src=\"https:\/\/golem-ai-website-wordpress-prod.s3.fr-par.scw.cloud\/wp-content\/uploads\/2022\/03\/26173514\/Contenus.png\" alt=\"\" class=\"wp-image-12234\" width=\"480\" height=\"270\" srcset=\"https:\/\/golem-ai-website-wordpress-prod.s3.fr-par.scw.cloud\/wp-content\/uploads\/2022\/03\/26173514\/Contenus-300x169.png 300w, https:\/\/golem-ai-website-wordpress-prod.s3.fr-par.scw.cloud\/wp-content\/uploads\/2022\/03\/26173514\/Contenus-768x432.png 768w, https:\/\/golem-ai-website-wordpress-prod.s3.fr-par.scw.cloud\/wp-content\/uploads\/2022\/03\/26173514\/Contenus-18x10.png 18w, https:\/\/golem-ai-website-wordpress-prod.s3.fr-par.scw.cloud\/wp-content\/uploads\/2022\/03\/26173514\/Contenus.png 960w\" sizes=\"(max-width: 480px) 100vw, 480px\" \/><\/a><\/figure><\/div>\n\n\n\n<p><em>\u201cEnviron 1 personne sur 5 aura besoin d\u2019\u00eatre sensibilis\u00e9e \u00e0 l\u2019IA d\u2019ici quelques ann\u00e9es\u201d&nbsp;<\/em>\u00e9voquait Bruno Lucas, D\u00e9l\u00e9gu\u00e9 g\u00e9n\u00e9ral \u00e0 l&#8217;emploi et \u00e0 la formation professionnelle. Le premier constat de cet \u00e9v\u00e9nement est clair, l\u2019IA n\u2019est pas l&rsquo;apanage de quelques experts technologiques, c\u2019est&nbsp;<strong>un sujet qui concerne tant les d\u00e9cideurs que les utilisateurs<\/strong>, dans tous les niveaux de formations. En somme, la Cit\u00e9 de l\u2019IA est le vecteur principal de vulgarisation et d\u2019acculturation des sujets d\u2019IA.<\/p>\n\n\n\n<figure class=\"wp-block-embed is-type-rich is-provider-twitter wp-block-embed-twitter\"><div class=\"wp-block-embed__wrapper\">\n<blockquote class=\"twitter-tweet\" data-width=\"550\" data-dnt=\"true\"><p lang=\"fr\" dir=\"ltr\">\u00ab\u00a0Environ 1 personnes sur 5 aura besoin d\u2019\u00eatre sensibilis\u00e9s \u00e0 l\u2019<a href=\"https:\/\/twitter.com\/hashtag\/IA?src=hash&amp;ref_src=twsrc%5Etfw\">#IA<\/a> d\u2019ici quelques ann\u00e9es\u00a0\u00bb ! Ouverture du d\u00e9bat <a href=\"https:\/\/twitter.com\/cite_ia?ref_src=twsrc%5Etfw\">@cite_ia<\/a> avec <a href=\"https:\/\/twitter.com\/BrunoLucasDGEFP?ref_src=twsrc%5Etfw\">@BrunoLucasDGEFP<\/a> DG \u00e0 l\u2019emploi et la formation et <a href=\"https:\/\/twitter.com\/orpin_yann?ref_src=twsrc%5Etfw\">@orpin_yann<\/a> pr\u00e9disent <a href=\"https:\/\/twitter.com\/hashtag\/medef?src=hash&amp;ref_src=twsrc%5Etfw\">#medef<\/a> Lille <a href=\"https:\/\/twitter.com\/hashtag\/formation?src=hash&amp;ref_src=twsrc%5Etfw\">#formation<\/a> <a href=\"https:\/\/twitter.com\/hashtag\/AI?src=hash&amp;ref_src=twsrc%5Etfw\">#AI<\/a> <a href=\"https:\/\/t.co\/XIOdEZAw9m\">pic.twitter.com\/XIOdEZAw9m<\/a><\/p>&mdash; Golem.ai (@golem_ai) <a href=\"https:\/\/twitter.com\/golem_ai\/status\/1435947129814585352?ref_src=twsrc%5Etfw\">September 9, 2021<\/a><\/blockquote><script async src=\"https:\/\/platform.twitter.com\/widgets.js\" charset=\"utf-8\"><\/script>\n<\/div><\/figure>\n\n\n\n<h2 class=\"wp-block-heading\">Sensibiliser, former et structurer<\/h2>\n\n\n\n<p>Tels sont les ma\u00eetres mots des tables de l\u2019\u00e9v\u00e9nement, dont le fil rouge restait \u00e0 l&rsquo;image de leurs objectifs :&nbsp;<strong>simplifier la compr\u00e9hension de l\u2019IA<\/strong>&nbsp;pour l\u2019int\u00e9grer plus facilement, avec&nbsp;<strong>une dimension humaine<\/strong>&nbsp;indissociable.<\/p>\n\n\n\n<p>Enjeux nationaux et r\u00e9gionaux, sensibilisation \u00e0 l\u2019IA, compr\u00e9hension des objectifs business des entreprises, les deux premi\u00e8res tables rondes ont mis en \u00e9vidence l\u2019importance d\u2019int\u00e9grer&nbsp;<strong>l\u2019IA dans le travail<\/strong>, non pas dans une logique de tests ou par curiosit\u00e9, mais pour retrouver&nbsp;<strong><a href=\"https:\/\/www.golem.ai\/fr\/blog\/entreprise\/JDN-IA-travail\">le contr\u00f4le des process<\/a><\/strong>&nbsp;et de mieux accompagner la croissance des entreprises.<\/p>\n\n\n\n<p>Autre sujet \u00e9voqu\u00e9, la formation. Sujet qui fait d\u00e9bat dans l\u2019IA. La rapidit\u00e9 avec laquelle&nbsp;<strong>de nouvelles sp\u00e9cialit\u00e9s apparaissent<\/strong>, impose un besoin de faire certifier rapidement de nouvelles comp\u00e9tences donnant lieu \u00e0 un poste connect\u00e9 au secteur de l\u2019IA.<\/p>\n\n\n\n<p>Enfin, plusieurs entreprises ont pu partager leurs premi\u00e8res exp\u00e9riences. C\u2019est le cas d\u2019Auchan Retail International et d\u2019Orange pour qui l\u2019int\u00e9r\u00eat de l\u2019IA n\u2019est plus \u00e0 questionner.<\/p>\n\n\n\n<blockquote class=\"twitter-tweet\"><p lang=\"fr\" dir=\"ltr\">\u00ab Les processus des m\u00e9tiers restent au c\u0153ur des prochains changements par l\u2019<a href=\"https:\/\/twitter.com\/hashtag\/IA?src=hash&amp;ref_src=twsrc%5Etfw\">#IA<\/a>. D\u2019ailleurs l\u2019innovation est aussi vers l\u2019ext\u00e9rieur que l\u2019on peut capter aupr\u00e8s des startups \u00bb Franck Vernier, responsable service automatisation <a href=\"https:\/\/twitter.com\/hashtag\/Rpa?src=hash&amp;ref_src=twsrc%5Etfw\">#Rpa<\/a> <a href=\"https:\/\/twitter.com\/hashtag\/IA?src=hash&amp;ref_src=twsrc%5Etfw\">#IA<\/a> chez Auchan Retail International <a href=\"https:\/\/twitter.com\/Auchannews?ref_src=twsrc%5Etfw\">@Auchannews<\/a> <a href=\"https:\/\/t.co\/EuSh3q6ad3\">pic.twitter.com\/EuSh3q6ad3<\/a><\/p>\u2014 Golem.ai (@golem_ai) <a href=\"https:\/\/twitter.com\/golem_ai\/status\/1435982644915888128?ref_src=twsrc%5Etfw\">September 9, 2021<\/a><\/blockquote> <script async=\"\" src=\"https:\/\/platform.twitter.com\/widgets.js\" charset=\"utf-8\"><\/script>\n\n\n\n<p><\/p>\n\n\n\n<p><em>Si vous souhaitez d\u00e9couvrir d\u2019autres cas d\u2019usages de l\u2019IA, n\u2019h\u00e9sitez pas \u00e0 participer \u00e0&nbsp;<strong><a href=\"https:\/\/app.livestorm.co\/golem-ai\/intelligence-artificielle-and-relation-client-le-temoignage-manutan?type=detailed\">notre Webinar<\/a><\/strong>&nbsp;avec Manutan \u201cIntelligence artificielle et relation client\u201d. Pour plus d\u2019informations, consultez nos pages solutions <strong><a href=\"https:\/\/golem.ai\/fr\/solutions\/relation-client\/\">relation client<\/a>,&nbsp;<a href=\"https:\/\/golem.ai\/fr\/solutions\/gestion-appels-offres\/\">appels d\u2019offres<\/a><\/strong>&nbsp;ou<strong>&nbsp;<a href=\"https:\/\/golem.ai\/fr\/solutions\/conformite\/\">conformit\u00e9<\/a><\/strong>. N\u2019h\u00e9sitez pas \u00e0 contacter<strong>&nbsp;<a href=\"https:\/\/golem.ai\/en\/contact\/\">nos \u00e9quipes<\/a><\/strong>&nbsp;si vous avez la moindre question, elles se feront un plaisir de vous r\u00e9pondre !<\/em><\/p>\n<!-- AddThis Advanced Settings generic via filter on the_content --><!-- AddThis Share Buttons generic via filter on the_content -->","protected":false},"excerpt":{"rendered":"<p>D\u00e9couvrez l&rsquo;\u00e9tude de l\u2019expansion de l\u2019\u00e9cosyst\u00e8me IA de la r\u00e9gion gr\u00e2ce aux t\u00e9moignages des acteurs majeurs r\u00e9gionaux.<!-- AddThis Advanced Settings generic via filter on get_the_excerpt --><!-- AddThis Share Buttons generic via filter on get_the_excerpt --><\/p>\n","protected":false},"author":3,"featured_media":8626,"comment_status":"closed","ping_status":"open","sticky":false,"template":"","format":"standard","meta":{"_acf_changed":false,"content-type":"","footnotes":""},"categories":[68],"tags":[],"class_list":["post-8624","post","type-post","status-publish","format-standard","has-post-thumbnail","hentry","category-blog"],"acf":[],"yoast_head":"<!-- This site is optimized with the Yoast SEO plugin v27.5 - https:\/\/yoast.com\/product\/yoast-seo-wordpress\/ -->\n<title>Le d\u00e9veloppement de l&#039;intelligence artificielle en Hauts-de-France<\/title>\n<meta name=\"description\" content=\"Retour sur la conf\u00e9rence et les t\u00e9moignages des acteurs de l&#039;IA de la r\u00e9gion, tant \u00e9conomiques, acad\u00e9miques qu&#039;institutionnels.\" \/>\n<meta name=\"robots\" content=\"index, follow, max-snippet:-1, max-image-preview:large, max-video-preview:-1\" \/>\n<link rel=\"canonical\" href=\"https:\/\/miralia.ai\/fr\/blog\/citee-ia-conference\/\" \/>\n<meta property=\"og:locale\" content=\"fr_FR\" \/>\n<meta property=\"og:type\" content=\"article\" \/>\n<meta property=\"og:title\" content=\"Le d\u00e9veloppement de l&#039;intelligence artificielle en Hauts-de-France\" \/>\n<meta property=\"og:description\" content=\"Retour sur la conf\u00e9rence et les t\u00e9moignages des acteurs de l&#039;IA de la r\u00e9gion, tant \u00e9conomiques, acad\u00e9miques qu&#039;institutionnels.\" \/>\n<meta property=\"og:url\" content=\"https:\/\/miralia.ai\/fr\/blog\/citee-ia-conference\/\" \/>\n<meta property=\"og:site_name\" content=\"Miralia.ai\" \/>\n<meta property=\"article:published_time\" content=\"2021-09-10T12:00:00+00:00\" \/>\n<meta property=\"article:modified_time\" content=\"2022-04-22T09:48:04+00:00\" \/>\n<meta property=\"og:image\" content=\"https:\/\/golem-ai-website-wordpress-prod.s3.fr-par.scw.cloud\/wp-content\/uploads\/2021\/09\/28133121\/Visuel-post-RS-1600x900-1.png\" \/>\n\t<meta property=\"og:image:type\" content=\"image\/png\" \/>\n<meta name=\"author\" content=\"Thomas Leduc\" \/>\n<meta name=\"twitter:card\" content=\"summary_large_image\" \/>\n<meta name=\"twitter:creator\" content=\"@miralia_ai\" \/>\n<meta name=\"twitter:site\" content=\"@miralia_ai\" \/>\n<script type=\"application\/ld+json\" class=\"yoast-schema-graph\">{\"@context\":\"https:\\\/\\\/schema.org\",\"@graph\":[{\"@type\":\"Article\",\"@id\":\"https:\\\/\\\/miralia.ai\\\/blog\\\/entreprise\\\/citee-ia-conference#article\",\"isPartOf\":{\"@id\":\"https:\\\/\\\/miralia.ai\\\/blog\\\/entreprise\\\/citee-ia-conference\"},\"author\":{\"name\":\"Thomas Leduc\",\"@id\":\"https:\\\/\\\/miralia.ai\\\/fr\\\/#\\\/schema\\\/person\\\/a25711a1713dceec302b048e7a97f063\"},\"headline\":\"L&rsquo;\u00e9cosyst\u00e8me IA en Hauts-de-France\",\"datePublished\":\"2021-09-10T12:00:00+00:00\",\"dateModified\":\"2022-04-22T09:48:04+00:00\",\"mainEntityOfPage\":{\"@id\":\"https:\\\/\\\/miralia.ai\\\/blog\\\/entreprise\\\/citee-ia-conference\"},\"wordCount\":648,\"publisher\":{\"@id\":\"https:\\\/\\\/miralia.ai\\\/fr\\\/#organization\"},\"image\":{\"@id\":\"https:\\\/\\\/miralia.ai\\\/blog\\\/entreprise\\\/citee-ia-conference#primaryimage\"},\"thumbnailUrl\":\"https:\\\/\\\/golem-ai-website-wordpress-prod.s3.fr-par.scw.cloud\\\/wp-content\\\/uploads\\\/2021\\\/09\\\/28132939\\\/Visuel-preview-article-de-blog-570x200-1.png\",\"articleSection\":[\"Blog\"],\"inLanguage\":\"fr-FR\"},{\"@type\":\"WebPage\",\"@id\":\"https:\\\/\\\/miralia.ai\\\/blog\\\/entreprise\\\/citee-ia-conference\",\"url\":\"https:\\\/\\\/miralia.ai\\\/blog\\\/entreprise\\\/citee-ia-conference\",\"name\":\"Le d\u00e9veloppement de l'intelligence artificielle en Hauts-de-France\",\"isPartOf\":{\"@id\":\"https:\\\/\\\/miralia.ai\\\/fr\\\/#website\"},\"primaryImageOfPage\":{\"@id\":\"https:\\\/\\\/miralia.ai\\\/blog\\\/entreprise\\\/citee-ia-conference#primaryimage\"},\"image\":{\"@id\":\"https:\\\/\\\/miralia.ai\\\/blog\\\/entreprise\\\/citee-ia-conference#primaryimage\"},\"thumbnailUrl\":\"https:\\\/\\\/golem-ai-website-wordpress-prod.s3.fr-par.scw.cloud\\\/wp-content\\\/uploads\\\/2021\\\/09\\\/28132939\\\/Visuel-preview-article-de-blog-570x200-1.png\",\"datePublished\":\"2021-09-10T12:00:00+00:00\",\"dateModified\":\"2022-04-22T09:48:04+00:00\",\"description\":\"Retour sur la conf\u00e9rence et les t\u00e9moignages des acteurs de l'IA de la r\u00e9gion, tant \u00e9conomiques, acad\u00e9miques qu'institutionnels.\",\"inLanguage\":\"fr-FR\",\"potentialAction\":[{\"@type\":\"ReadAction\",\"target\":[\"https:\\\/\\\/miralia.ai\\\/blog\\\/entreprise\\\/citee-ia-conference\"]}]},{\"@type\":\"ImageObject\",\"inLanguage\":\"fr-FR\",\"@id\":\"https:\\\/\\\/miralia.ai\\\/blog\\\/entreprise\\\/citee-ia-conference#primaryimage\",\"url\":\"https:\\\/\\\/golem-ai-website-wordpress-prod.s3.fr-par.scw.cloud\\\/wp-content\\\/uploads\\\/2021\\\/09\\\/28133121\\\/Visuel-post-RS-1600x900-1.png\",\"contentUrl\":\"https:\\\/\\\/golem-ai-website-wordpress-prod.s3.fr-par.scw.cloud\\\/wp-content\\\/uploads\\\/2021\\\/09\\\/28133121\\\/Visuel-post-RS-1600x900-1.png\",\"width\":\"\",\"height\":\"\"},{\"@type\":\"WebSite\",\"@id\":\"https:\\\/\\\/miralia.ai\\\/fr\\\/#website\",\"url\":\"https:\\\/\\\/miralia.ai\\\/fr\\\/\",\"name\":\"Miralia.ai\",\"description\":\"\",\"publisher\":{\"@id\":\"https:\\\/\\\/miralia.ai\\\/fr\\\/#organization\"},\"potentialAction\":[{\"@type\":\"SearchAction\",\"target\":{\"@type\":\"EntryPoint\",\"urlTemplate\":\"https:\\\/\\\/miralia.ai\\\/fr\\\/?s={search_term_string}\"},\"query-input\":{\"@type\":\"PropertyValueSpecification\",\"valueRequired\":true,\"valueName\":\"search_term_string\"}}],\"inLanguage\":\"fr-FR\"},{\"@type\":\"Organization\",\"@id\":\"https:\\\/\\\/miralia.ai\\\/fr\\\/#organization\",\"name\":\"Miralia\",\"url\":\"https:\\\/\\\/miralia.ai\\\/fr\\\/\",\"logo\":{\"@type\":\"ImageObject\",\"inLanguage\":\"fr-FR\",\"@id\":\"https:\\\/\\\/miralia.ai\\\/fr\\\/#\\\/schema\\\/logo\\\/image\\\/\",\"url\":\"https:\\\/\\\/golem-ai-website-wordpress-prod.s3.fr-par.scw.cloud\\\/wp-content\\\/uploads\\\/2026\\\/01\\\/07142128\\\/Logo-Miralia.png\",\"contentUrl\":\"https:\\\/\\\/golem-ai-website-wordpress-prod.s3.fr-par.scw.cloud\\\/wp-content\\\/uploads\\\/2026\\\/01\\\/07142128\\\/Logo-Miralia.png\",\"width\":1061,\"height\":211,\"caption\":\"Miralia\"},\"image\":{\"@id\":\"https:\\\/\\\/miralia.ai\\\/fr\\\/#\\\/schema\\\/logo\\\/image\\\/\"},\"sameAs\":[\"https:\\\/\\\/x.com\\\/miralia_ai\",\"https:\\\/\\\/www.linkedin.com\\\/company\\\/miralia\\\/\"]},{\"@type\":\"Person\",\"@id\":\"https:\\\/\\\/miralia.ai\\\/fr\\\/#\\\/schema\\\/person\\\/a25711a1713dceec302b048e7a97f063\",\"name\":\"Thomas Leduc\",\"image\":{\"@type\":\"ImageObject\",\"inLanguage\":\"fr-FR\",\"@id\":\"https:\\\/\\\/golem-ai-website-wordpress-prod.s3.fr-par.scw.cloud\\\/wp-content\\\/uploads\\\/2021\\\/10\\\/06140903\\\/photo-thomas-leduc-150x150.png\",\"url\":\"https:\\\/\\\/golem-ai-website-wordpress-prod.s3.fr-par.scw.cloud\\\/wp-content\\\/uploads\\\/2021\\\/10\\\/06140903\\\/photo-thomas-leduc-150x150.png\",\"contentUrl\":\"https:\\\/\\\/golem-ai-website-wordpress-prod.s3.fr-par.scw.cloud\\\/wp-content\\\/uploads\\\/2021\\\/10\\\/06140903\\\/photo-thomas-leduc-150x150.png\",\"caption\":\"Thomas Leduc\"},\"url\":\"https:\\\/\\\/miralia.ai\\\/fr\\\/auteur\\\/thomasl\"}]}<\/script>\n<!-- \/ Yoast SEO plugin. -->","yoast_head_json":{"title":"Le d\u00e9veloppement de l'intelligence artificielle en Hauts-de-France","description":"Retour sur la conf\u00e9rence et les t\u00e9moignages des acteurs de l'IA de la r\u00e9gion, tant \u00e9conomiques, acad\u00e9miques qu'institutionnels.","robots":{"index":"index","follow":"follow","max-snippet":"max-snippet:-1","max-image-preview":"max-image-preview:large","max-video-preview":"max-video-preview:-1"},"canonical":"https:\/\/miralia.ai\/fr\/blog\/citee-ia-conference\/","og_locale":"fr_FR","og_type":"article","og_title":"Le d\u00e9veloppement de l'intelligence artificielle en Hauts-de-France","og_description":"Retour sur la conf\u00e9rence et les t\u00e9moignages des acteurs de l'IA de la r\u00e9gion, tant \u00e9conomiques, acad\u00e9miques qu'institutionnels.","og_url":"https:\/\/miralia.ai\/fr\/blog\/citee-ia-conference\/","og_site_name":"Miralia.ai","article_published_time":"2021-09-10T12:00:00+00:00","article_modified_time":"2022-04-22T09:48:04+00:00","og_image":[{"url":"https:\/\/golem-ai-website-wordpress-prod.s3.fr-par.scw.cloud\/wp-content\/uploads\/2021\/09\/28133121\/Visuel-post-RS-1600x900-1.png","width":"","height":"","type":"image\/png"}],"author":"Thomas Leduc","twitter_card":"summary_large_image","twitter_creator":"@miralia_ai","twitter_site":"@miralia_ai","schema":{"@context":"https:\/\/schema.org","@graph":[{"@type":"Article","@id":"https:\/\/miralia.ai\/blog\/entreprise\/citee-ia-conference#article","isPartOf":{"@id":"https:\/\/miralia.ai\/blog\/entreprise\/citee-ia-conference"},"author":{"name":"Thomas Leduc","@id":"https:\/\/miralia.ai\/fr\/#\/schema\/person\/a25711a1713dceec302b048e7a97f063"},"headline":"L&rsquo;\u00e9cosyst\u00e8me IA en Hauts-de-France","datePublished":"2021-09-10T12:00:00+00:00","dateModified":"2022-04-22T09:48:04+00:00","mainEntityOfPage":{"@id":"https:\/\/miralia.ai\/blog\/entreprise\/citee-ia-conference"},"wordCount":648,"publisher":{"@id":"https:\/\/miralia.ai\/fr\/#organization"},"image":{"@id":"https:\/\/miralia.ai\/blog\/entreprise\/citee-ia-conference#primaryimage"},"thumbnailUrl":"https:\/\/golem-ai-website-wordpress-prod.s3.fr-par.scw.cloud\/wp-content\/uploads\/2021\/09\/28132939\/Visuel-preview-article-de-blog-570x200-1.png","articleSection":["Blog"],"inLanguage":"fr-FR"},{"@type":"WebPage","@id":"https:\/\/miralia.ai\/blog\/entreprise\/citee-ia-conference","url":"https:\/\/miralia.ai\/blog\/entreprise\/citee-ia-conference","name":"Le d\u00e9veloppement de l'intelligence artificielle en Hauts-de-France","isPartOf":{"@id":"https:\/\/miralia.ai\/fr\/#website"},"primaryImageOfPage":{"@id":"https:\/\/miralia.ai\/blog\/entreprise\/citee-ia-conference#primaryimage"},"image":{"@id":"https:\/\/miralia.ai\/blog\/entreprise\/citee-ia-conference#primaryimage"},"thumbnailUrl":"https:\/\/golem-ai-website-wordpress-prod.s3.fr-par.scw.cloud\/wp-content\/uploads\/2021\/09\/28132939\/Visuel-preview-article-de-blog-570x200-1.png","datePublished":"2021-09-10T12:00:00+00:00","dateModified":"2022-04-22T09:48:04+00:00","description":"Retour sur la conf\u00e9rence et les t\u00e9moignages des acteurs de l'IA de la r\u00e9gion, tant \u00e9conomiques, acad\u00e9miques qu'institutionnels.","inLanguage":"fr-FR","potentialAction":[{"@type":"ReadAction","target":["https:\/\/miralia.ai\/blog\/entreprise\/citee-ia-conference"]}]},{"@type":"ImageObject","inLanguage":"fr-FR","@id":"https:\/\/miralia.ai\/blog\/entreprise\/citee-ia-conference#primaryimage","url":"https:\/\/golem-ai-website-wordpress-prod.s3.fr-par.scw.cloud\/wp-content\/uploads\/2021\/09\/28133121\/Visuel-post-RS-1600x900-1.png","contentUrl":"https:\/\/golem-ai-website-wordpress-prod.s3.fr-par.scw.cloud\/wp-content\/uploads\/2021\/09\/28133121\/Visuel-post-RS-1600x900-1.png","width":"","height":""},{"@type":"WebSite","@id":"https:\/\/miralia.ai\/fr\/#website","url":"https:\/\/miralia.ai\/fr\/","name":"Miralia.ai","description":"","publisher":{"@id":"https:\/\/miralia.ai\/fr\/#organization"},"potentialAction":[{"@type":"SearchAction","target":{"@type":"EntryPoint","urlTemplate":"https:\/\/miralia.ai\/fr\/?s={search_term_string}"},"query-input":{"@type":"PropertyValueSpecification","valueRequired":true,"valueName":"search_term_string"}}],"inLanguage":"fr-FR"},{"@type":"Organization","@id":"https:\/\/miralia.ai\/fr\/#organization","name":"Miralia","url":"https:\/\/miralia.ai\/fr\/","logo":{"@type":"ImageObject","inLanguage":"fr-FR","@id":"https:\/\/miralia.ai\/fr\/#\/schema\/logo\/image\/","url":"https:\/\/golem-ai-website-wordpress-prod.s3.fr-par.scw.cloud\/wp-content\/uploads\/2026\/01\/07142128\/Logo-Miralia.png","contentUrl":"https:\/\/golem-ai-website-wordpress-prod.s3.fr-par.scw.cloud\/wp-content\/uploads\/2026\/01\/07142128\/Logo-Miralia.png","width":1061,"height":211,"caption":"Miralia"},"image":{"@id":"https:\/\/miralia.ai\/fr\/#\/schema\/logo\/image\/"},"sameAs":["https:\/\/x.com\/miralia_ai","https:\/\/www.linkedin.com\/company\/miralia\/"]},{"@type":"Person","@id":"https:\/\/miralia.ai\/fr\/#\/schema\/person\/a25711a1713dceec302b048e7a97f063","name":"Thomas Leduc","image":{"@type":"ImageObject","inLanguage":"fr-FR","@id":"https:\/\/golem-ai-website-wordpress-prod.s3.fr-par.scw.cloud\/wp-content\/uploads\/2021\/10\/06140903\/photo-thomas-leduc-150x150.png","url":"https:\/\/golem-ai-website-wordpress-prod.s3.fr-par.scw.cloud\/wp-content\/uploads\/2021\/10\/06140903\/photo-thomas-leduc-150x150.png","contentUrl":"https:\/\/golem-ai-website-wordpress-prod.s3.fr-par.scw.cloud\/wp-content\/uploads\/2021\/10\/06140903\/photo-thomas-leduc-150x150.png","caption":"Thomas Leduc"},"url":"https:\/\/miralia.ai\/fr\/auteur\/thomasl"}]}},"_links":{"self":[{"href":"https:\/\/miralia.ai\/fr\/wp-json\/wp\/v2\/posts\/8624","targetHints":{"allow":["GET"]}}],"collection":[{"href":"https:\/\/miralia.ai\/fr\/wp-json\/wp\/v2\/posts"}],"about":[{"href":"https:\/\/miralia.ai\/fr\/wp-json\/wp\/v2\/types\/post"}],"author":[{"embeddable":true,"href":"https:\/\/miralia.ai\/fr\/wp-json\/wp\/v2\/users\/3"}],"replies":[{"embeddable":true,"href":"https:\/\/miralia.ai\/fr\/wp-json\/wp\/v2\/comments?post=8624"}],"version-history":[{"count":5,"href":"https:\/\/miralia.ai\/fr\/wp-json\/wp\/v2\/posts\/8624\/revisions"}],"predecessor-version":[{"id":12858,"href":"https:\/\/miralia.ai\/fr\/wp-json\/wp\/v2\/posts\/8624\/revisions\/12858"}],"wp:featuredmedia":[{"embeddable":true,"href":"https:\/\/miralia.ai\/fr\/wp-json\/wp\/v2\/media\/8626"}],"wp:attachment":[{"href":"https:\/\/miralia.ai\/fr\/wp-json\/wp\/v2\/media?parent=8624"}],"wp:term":[{"taxonomy":"category","embeddable":true,"href":"https:\/\/miralia.ai\/fr\/wp-json\/wp\/v2\/categories?post=8624"},{"taxonomy":"post_tag","embeddable":true,"href":"https:\/\/miralia.ai\/fr\/wp-json\/wp\/v2\/tags?post=8624"}],"curies":[{"name":"wp","href":"https:\/\/api.w.org\/{rel}","templated":true}]}}