{"id":25624,"date":"2024-02-08T14:19:57","date_gmt":"2024-02-08T13:19:57","guid":{"rendered":"https:\/\/golem.ai\/?p=25624"},"modified":"2024-02-08T15:51:02","modified_gmt":"2024-02-08T14:51:02","slug":"debrief-panel-greenit","status":"publish","type":"post","link":"https:\/\/miralia.ai\/fr\/blog\/debrief-panel-greenit","title":{"rendered":"D\u00e9brief du Panel : \u201c Comment adopter le Green IT ? Et pourquoi ? \u201c\u00a0"},"content":{"rendered":"\n<p>\u201c En 5 ans, lors d\u2019appels d\u2019offres, la partie Green IT \u00e9tait un crit\u00e8re secondaire, dor\u00e9navant c\u2019est un crit\u00e8re \u00e9liminatoire \u201c , cette phrase de Killian Vermersch, CEO et co-fondateur de Golem.ai, montre la reconsid\u00e9ration actuelle et la n\u00e9cessit\u00e9 du crit\u00e8re de Green IT dans les processus de fabrication. Le Green IT d\u00e9signe l&rsquo;ensemble des technologies de l&rsquo;information (TIC) dont l&rsquo;usage permet de r\u00e9duire les effets nocifs de l\u2019activit\u00e9 humaine sur l\u2019environnement et toutes les technologies qui vont permettre de r\u00e9duire l&rsquo;impact environnemental de l&rsquo;informatique, d\u2019apr\u00e8s la d\u00e9finition de <a href=\"https:\/\/greenly.earth\/fr-fr\/blog\/actualites-ecologie\/green-it-definition-enjeux\">Greenly<\/a>. <\/p>\n\n\n\n<p>Ainsi ce Panel, organis\u00e9 par <a href=\"https:\/\/www.scaleway.com\/fr\/\">Scaleway<\/a> le 7 f\u00e9vrier 2024, invitait des intervenants de renom tels que Thomas de Latour, Ing\u00e9nieur en \u00e9coconception et Docteur en informatique chez <a href=\"https:\/\/www.ademe.fr\/en\/frontpage\/\">Ademe<\/a>, Lise Breteau, Avocate Environnement &amp; Tech chez <a href=\"https:\/\/www.linkedin.com\/company\/greenit.fr\/\">GreenIT.fr<\/a>, Bastien Wirtz, DevOps Engineer chez Scaleway, et Killian Vermersch \u00a0pour discuter autour de ce sujet et r\u00e9fl\u00e9chir \u00e0 des solutions soutenables, et compatibles avec les enjeux actuels de l\u2019IT.\u00a0<\/p>\n\n\n\n<h2 class=\"wp-block-heading\"><strong>Un cadre r\u00e9glementaire se met en place<\/strong><\/h2>\n\n\n\n<p>Une pression r\u00e9glementaire commence \u00e0 avoir lieu telles que la loi R\u00e9duction de l\u2019Empreinte Environnementale du Num\u00e9rique (REEN) vot\u00e9e en novembre 2021 qui dispose notamment l\u2019obligation pour les communes et EPCI de plus de 50.000 habitants de se doter au 1er janvier 2025, d\u2019une strat\u00e9gie num\u00e9rique responsable, ou l\u2019obligation pour un certain nombre de produits d\u2019afficher un indice de r\u00e9parabilit\u00e9 pour lutter contre leur obsolescence programm\u00e9e. Plus encore, la venue du CSRD qui est un cadre r\u00e9glementaire visant \u00e0 renforcer les exigences en mati\u00e8re de soutenabilit\u00e9 pour les entreprises op\u00e9rant au sein de l&rsquo;Union europ\u00e9enne, montre \u00e9galement le souhait d\u2019une pression r\u00e9glementaire n\u00e9cessaire quant au GreenIT.<\/p>\n\n\n\n<h2 class=\"wp-block-heading\"><strong>Toutefois, cela n\u2019est pas encore suffisant<\/strong><\/h2>\n\n\n\n<p>En effet, lorsque l\u2019on sait que les \u201c sites web p\u00e8sent 200% plus lourd qu\u2019il y\u2019a 10 ans \u201c d\u2019apr\u00e8s Bastien Wirtz, ou que \u201c50% de l\u2019empreinte carbone du num\u00e9rique est due \u00e0 l\u2019extraction de ressources non renouvelables\u201d selon Lise Breteau, on remarque que les changements r\u00e9glementaires actuels ne sont encore que des \u201cpas de souris\u201d insiste Thomas de Latour. En effet, les 4 intervenants insistaient sur le fait que si la France est pionni\u00e8re dans cette volont\u00e9 d\u2019\u00e9co-conception, et qu\u2019il fallait s\u2019en f\u00e9liciter, il fallait \u00e9galement bien comprendre que la question n\u2019\u00e9tait plus si l\u2019IT \u00e9tait \u00e9co-compatible, mais qu\u2019il fallait n\u00e9cessairement le rendre comme tel.<\/p>\n\n\n\n<h2 class=\"wp-block-heading\"><strong>D\u00e8s lors, des solutions \u00e9mergent et doivent continuer d\u2019\u00e9merger<\/strong><\/h2>\n\n\n\n<p>Des multitudes de solutions peuvent \u00eatre appliqu\u00e9es, et se doivent de l\u2019\u00eatre. Voici quelques solutions qui ont \u00e9t\u00e9 apport\u00e9es pendant ce Panel :&nbsp;<\/p>\n\n\n\n<p>\u201c En changeant seulement d\u2019architecture, nous avons pu diminuer par 5 notre facture en \u00e9lectricit\u00e9 \u201c souligne Killian Vermersch.&nbsp; En privil\u00e9giant des conceptions de sites web statiques, cela r\u00e9duirait grandement l\u2019empreinte num\u00e9rique des sites web selon les propos de Bastien Wirtz. En adoptant la <a href=\"https:\/\/www.greenit.fr\/2022\/10\/04\/sobriete-manifeste-pour-une-slow-tech\/\">Slow-Tech<\/a>, soit le fait de combiner bien plus le low-tech ainsi que le high-tech (ce qui n\u2019est pas le cas aujourd\u2019hui avec une trop grande importance donn\u00e9e au high-tech), et utiliser <a href=\"https:\/\/greenly.earth\/fr-fr\/blog\/guide-entreprise\/tout-comprendre-sur-la-reglementation-product-environmental-footprint-pef\">la m\u00e9thode PEF<\/a> pour Lise Breteau.<\/p>\n\n\n\n<p>Il faut \u00e9galement comprendre qu\u2019il n\u2019y a h\u00e9las pas de solutions miracles mais qu\u2019il est n\u00e9cessaire de combiner un ensemble de solutions accompagn\u00e9 d\u2019un cadre r\u00e9glementaire assez strict pour pouvoir rendre l\u2019IT soutenable.<\/p>\n\n\n\n<p>Ainsi, nous pouvons conclure de ce Panel que si une pression r\u00e9glementaire se met de plus en plus en place, notamment gr\u00e2ce \u00e0 la Loi REEN ou le CSRD, il faut int\u00e9rioriser le fait que cela n\u2019est pas encore suffisant, et que des efforts restent \u00e0 faire tant du point de vue des fabricants comme celui des consommateurs. D\u00e8s lors, il faut souligner que la pression r\u00e9glementaire se doit d\u2019\u00eatre accentu\u00e9e et que des solutions pour rendre l\u2019IT frugale doivent perp\u00e9tuellement \u00e9merger. <\/p>\n\n\n\n<p>Plus encore, la frugalit\u00e9 est un domaine qui nous est cher chez Golem.ai, tant en t\u00e9moigne la <a href=\"https:\/\/www.entreprendre.fr\/la-frugalite-energetique-plus-quun-concept-une-necessite-dans-lindustrie-numerique\/\">tribune<\/a> r\u00e9alis\u00e9e par Killian Vermersch pour Entreprendre.<br>Si vous \u00eates int\u00e9ress\u00e9 par une solution d\u2019IA de traitement des messages entrants et frugale, <a href=\"https:\/\/golem.ai\/fr\/contact?utm_source=google&amp;utm_medium=cpc&amp;utm_campaign=%7Bcampaign_id%7D&amp;utm_term=golem.ai&amp;hsa_acc=6170416354&amp;hsa_cam=11796441979&amp;hsa_grp=111448482901&amp;hsa_ad=484725006909&amp;hsa_src=g&amp;hsa_tgt=kwd-1395187281768&amp;hsa_kw=golem.ai&amp;hsa_mt=b&amp;hsa_net=adwords&amp;hsa_ver=3&amp;gad_source=1&amp;gclid=CjwKCAiAlJKuBhAdEiwAnZb7lZaUZ_Xh64FP4kI3lLVj6w8nyF5YiJSoVSCsc7PzNKLWu-jVL1F1DhoCZ18QAvD_BwE\">contactez-nous<\/a> !<\/p>\n<!-- AddThis Advanced Settings generic via filter on the_content --><!-- AddThis Share Buttons generic via filter on the_content -->","protected":false},"excerpt":{"rendered":"<p>D\u00e9brief du Panel Green IT tr\u00e8s enrichissant organis\u00e9 par Scaleway et auquel nous \u00e9tions invit\u00e9s.<!-- AddThis Advanced Settings generic via filter on get_the_excerpt --><!-- AddThis Share Buttons generic via filter on get_the_excerpt --><\/p>\n","protected":false},"author":23,"featured_media":25626,"comment_status":"closed","ping_status":"closed","sticky":false,"template":"","format":"standard","meta":{"_acf_changed":false,"content-type":"","footnotes":""},"categories":[68,33],"tags":[122,193,76,194,195,150],"class_list":["post-25624","post","type-post","status-publish","format-standard","has-post-thumbnail","hentry","category-blog","category-ai-and-society","tag-frugalite","tag-greenit","tag-ia","tag-panel","tag-scaleway","tag-sobriete-numerique"],"acf":[],"yoast_head":"<!-- This site is optimized with the Yoast SEO plugin v27.5 - https:\/\/yoast.com\/product\/yoast-seo-wordpress\/ -->\n<title>Retour sur le Panel Green IT organis\u00e9 par Scaleway.<\/title>\n<meta name=\"description\" content=\"D\u00e9brief des enjeux \u00e9voqu\u00e9s lors du Panel Green IT organis\u00e9 par Scaleway sur le sujet : &quot;Comment adopter le Green IT ? Et pourquoi?\" \/>\n<meta name=\"robots\" content=\"index, follow, max-snippet:-1, max-image-preview:large, max-video-preview:-1\" \/>\n<link rel=\"canonical\" href=\"https:\/\/miralia.ai\/fr\/blog\/debrief-panel-greenit\/\" \/>\n<meta property=\"og:locale\" content=\"fr_FR\" \/>\n<meta property=\"og:type\" content=\"article\" \/>\n<meta property=\"og:title\" content=\"D\u00e9brief du Panel \u201c Comment adopter le Green IT ? Et pourquoi ? \u201c\" \/>\n<meta property=\"og:description\" content=\"L\u2019adoption du Green IT est devenue n\u00e9cessaire tant l\u2019empreinte num\u00e9rique devient de plus en plus importante. D\u00e8s lors, ce Panel avait pour but de d\u00e9battre autour de cet enjeu.\" \/>\n<meta property=\"og:url\" content=\"https:\/\/miralia.ai\/fr\/blog\/debrief-panel-greenit\/\" \/>\n<meta property=\"og:site_name\" content=\"Miralia.ai\" \/>\n<meta property=\"article:published_time\" content=\"2024-02-08T13:19:57+00:00\" \/>\n<meta property=\"article:modified_time\" content=\"2024-02-08T14:51:02+00:00\" \/>\n<meta property=\"og:image\" content=\"https:\/\/golem-ai-website-wordpress-prod.s3.fr-par.scw.cloud\/wp-content\/uploads\/2024\/02\/08140349\/Panel-Green-IT-RS.png\" \/>\n\t<meta property=\"og:image:type\" content=\"image\/png\" \/>\n<meta name=\"author\" content=\"Sammy Govin\" \/>\n<meta name=\"twitter:card\" content=\"summary_large_image\" \/>\n<meta name=\"twitter:creator\" content=\"@miralia_ai\" \/>\n<meta name=\"twitter:site\" content=\"@miralia_ai\" \/>\n<script type=\"application\/ld+json\" class=\"yoast-schema-graph\">{\"@context\":\"https:\\\/\\\/schema.org\",\"@graph\":[{\"@type\":\"Article\",\"@id\":\"https:\\\/\\\/miralia.ai\\\/blog\\\/debrief-panel-greenit#article\",\"isPartOf\":{\"@id\":\"https:\\\/\\\/miralia.ai\\\/blog\\\/debrief-panel-greenit\"},\"author\":{\"name\":\"Sammy Govin\",\"@id\":\"https:\\\/\\\/miralia.ai\\\/fr\\\/#\\\/schema\\\/person\\\/c8dda52df4ee61875af446746682491a\"},\"headline\":\"D\u00e9brief du Panel : \u201c Comment adopter le Green IT ? Et pourquoi ? \u201c\u00a0\",\"datePublished\":\"2024-02-08T13:19:57+00:00\",\"dateModified\":\"2024-02-08T14:51:02+00:00\",\"mainEntityOfPage\":{\"@id\":\"https:\\\/\\\/miralia.ai\\\/blog\\\/debrief-panel-greenit\"},\"wordCount\":746,\"publisher\":{\"@id\":\"https:\\\/\\\/miralia.ai\\\/fr\\\/#organization\"},\"image\":{\"@id\":\"https:\\\/\\\/miralia.ai\\\/blog\\\/debrief-panel-greenit#primaryimage\"},\"thumbnailUrl\":\"https:\\\/\\\/golem-ai-website-wordpress-prod.s3.fr-par.scw.cloud\\\/wp-content\\\/uploads\\\/2024\\\/02\\\/08140346\\\/Panel-Green-IT-PB.png\",\"keywords\":[\"frugalit\u00e9\",\"GreenIT\",\"IA\",\"Panel\",\"Scaleway\",\"sobri\u00e9t\u00e9 num\u00e9rique\"],\"articleSection\":[\"Blog\",\"Ev\u00e9nements\"],\"inLanguage\":\"fr-FR\"},{\"@type\":\"WebPage\",\"@id\":\"https:\\\/\\\/miralia.ai\\\/blog\\\/debrief-panel-greenit\",\"url\":\"https:\\\/\\\/miralia.ai\\\/blog\\\/debrief-panel-greenit\",\"name\":\"Retour sur le Panel Green IT organis\u00e9 par Scaleway.\",\"isPartOf\":{\"@id\":\"https:\\\/\\\/miralia.ai\\\/fr\\\/#website\"},\"primaryImageOfPage\":{\"@id\":\"https:\\\/\\\/miralia.ai\\\/blog\\\/debrief-panel-greenit#primaryimage\"},\"image\":{\"@id\":\"https:\\\/\\\/miralia.ai\\\/blog\\\/debrief-panel-greenit#primaryimage\"},\"thumbnailUrl\":\"https:\\\/\\\/golem-ai-website-wordpress-prod.s3.fr-par.scw.cloud\\\/wp-content\\\/uploads\\\/2024\\\/02\\\/08140346\\\/Panel-Green-IT-PB.png\",\"datePublished\":\"2024-02-08T13:19:57+00:00\",\"dateModified\":\"2024-02-08T14:51:02+00:00\",\"description\":\"D\u00e9brief des enjeux \u00e9voqu\u00e9s lors du Panel Green IT organis\u00e9 par Scaleway sur le sujet : \\\"Comment adopter le Green IT ? Et pourquoi?\",\"inLanguage\":\"fr-FR\",\"potentialAction\":[{\"@type\":\"ReadAction\",\"target\":[\"https:\\\/\\\/miralia.ai\\\/blog\\\/debrief-panel-greenit\"]}]},{\"@type\":\"ImageObject\",\"inLanguage\":\"fr-FR\",\"@id\":\"https:\\\/\\\/miralia.ai\\\/blog\\\/debrief-panel-greenit#primaryimage\",\"url\":\"https:\\\/\\\/golem-ai-website-wordpress-prod.s3.fr-par.scw.cloud\\\/wp-content\\\/uploads\\\/2024\\\/02\\\/08140349\\\/Panel-Green-IT-RS.png\",\"contentUrl\":\"https:\\\/\\\/golem-ai-website-wordpress-prod.s3.fr-par.scw.cloud\\\/wp-content\\\/uploads\\\/2024\\\/02\\\/08140349\\\/Panel-Green-IT-RS.png\",\"width\":\"\",\"height\":\"\",\"caption\":\"Panel Green IT organis\u00e9 par Scaleway sur : \\\" Comment adopter le Green IT ? Et pourquoi ? \\\"\"},{\"@type\":\"WebSite\",\"@id\":\"https:\\\/\\\/miralia.ai\\\/fr\\\/#website\",\"url\":\"https:\\\/\\\/miralia.ai\\\/fr\\\/\",\"name\":\"Miralia.ai\",\"description\":\"\",\"publisher\":{\"@id\":\"https:\\\/\\\/miralia.ai\\\/fr\\\/#organization\"},\"potentialAction\":[{\"@type\":\"SearchAction\",\"target\":{\"@type\":\"EntryPoint\",\"urlTemplate\":\"https:\\\/\\\/miralia.ai\\\/fr\\\/?s={search_term_string}\"},\"query-input\":{\"@type\":\"PropertyValueSpecification\",\"valueRequired\":true,\"valueName\":\"search_term_string\"}}],\"inLanguage\":\"fr-FR\"},{\"@type\":\"Organization\",\"@id\":\"https:\\\/\\\/miralia.ai\\\/fr\\\/#organization\",\"name\":\"Miralia\",\"url\":\"https:\\\/\\\/miralia.ai\\\/fr\\\/\",\"logo\":{\"@type\":\"ImageObject\",\"inLanguage\":\"fr-FR\",\"@id\":\"https:\\\/\\\/miralia.ai\\\/fr\\\/#\\\/schema\\\/logo\\\/image\\\/\",\"url\":\"https:\\\/\\\/golem-ai-website-wordpress-prod.s3.fr-par.scw.cloud\\\/wp-content\\\/uploads\\\/2026\\\/01\\\/07142128\\\/Logo-Miralia.png\",\"contentUrl\":\"https:\\\/\\\/golem-ai-website-wordpress-prod.s3.fr-par.scw.cloud\\\/wp-content\\\/uploads\\\/2026\\\/01\\\/07142128\\\/Logo-Miralia.png\",\"width\":1061,\"height\":211,\"caption\":\"Miralia\"},\"image\":{\"@id\":\"https:\\\/\\\/miralia.ai\\\/fr\\\/#\\\/schema\\\/logo\\\/image\\\/\"},\"sameAs\":[\"https:\\\/\\\/x.com\\\/miralia_ai\",\"https:\\\/\\\/www.linkedin.com\\\/company\\\/miralia\\\/\"]},{\"@type\":\"Person\",\"@id\":\"https:\\\/\\\/miralia.ai\\\/fr\\\/#\\\/schema\\\/person\\\/c8dda52df4ee61875af446746682491a\",\"name\":\"Sammy Govin\",\"image\":{\"@type\":\"ImageObject\",\"inLanguage\":\"fr-FR\",\"@id\":\"https:\\\/\\\/golem-ai-website-wordpress-prod.s3.fr-par.scw.cloud\\\/wp-content\\\/uploads\\\/2023\\\/10\\\/26113926\\\/IMG_8389-150x150.jpg\",\"url\":\"https:\\\/\\\/golem-ai-website-wordpress-prod.s3.fr-par.scw.cloud\\\/wp-content\\\/uploads\\\/2023\\\/10\\\/26113926\\\/IMG_8389-150x150.jpg\",\"contentUrl\":\"https:\\\/\\\/golem-ai-website-wordpress-prod.s3.fr-par.scw.cloud\\\/wp-content\\\/uploads\\\/2023\\\/10\\\/26113926\\\/IMG_8389-150x150.jpg\",\"caption\":\"Sammy Govin\"},\"url\":\"https:\\\/\\\/miralia.ai\\\/fr\\\/auteur\\\/sammy-govin\"}]}<\/script>\n<!-- \/ Yoast SEO plugin. -->","yoast_head_json":{"title":"Retour sur le Panel Green IT organis\u00e9 par Scaleway.","description":"D\u00e9brief des enjeux \u00e9voqu\u00e9s lors du Panel Green IT organis\u00e9 par Scaleway sur le sujet : \"Comment adopter le Green IT ? Et pourquoi?","robots":{"index":"index","follow":"follow","max-snippet":"max-snippet:-1","max-image-preview":"max-image-preview:large","max-video-preview":"max-video-preview:-1"},"canonical":"https:\/\/miralia.ai\/fr\/blog\/debrief-panel-greenit\/","og_locale":"fr_FR","og_type":"article","og_title":"D\u00e9brief du Panel \u201c Comment adopter le Green IT ? Et pourquoi ? \u201c","og_description":"L\u2019adoption du Green IT est devenue n\u00e9cessaire tant l\u2019empreinte num\u00e9rique devient de plus en plus importante. D\u00e8s lors, ce Panel avait pour but de d\u00e9battre autour de cet enjeu.","og_url":"https:\/\/miralia.ai\/fr\/blog\/debrief-panel-greenit\/","og_site_name":"Miralia.ai","article_published_time":"2024-02-08T13:19:57+00:00","article_modified_time":"2024-02-08T14:51:02+00:00","og_image":[{"url":"https:\/\/golem-ai-website-wordpress-prod.s3.fr-par.scw.cloud\/wp-content\/uploads\/2024\/02\/08140349\/Panel-Green-IT-RS.png","width":"","height":"","type":"image\/png"}],"author":"Sammy Govin","twitter_card":"summary_large_image","twitter_creator":"@miralia_ai","twitter_site":"@miralia_ai","schema":{"@context":"https:\/\/schema.org","@graph":[{"@type":"Article","@id":"https:\/\/miralia.ai\/blog\/debrief-panel-greenit#article","isPartOf":{"@id":"https:\/\/miralia.ai\/blog\/debrief-panel-greenit"},"author":{"name":"Sammy Govin","@id":"https:\/\/miralia.ai\/fr\/#\/schema\/person\/c8dda52df4ee61875af446746682491a"},"headline":"D\u00e9brief du Panel : \u201c Comment adopter le Green IT ? Et pourquoi ? \u201c\u00a0","datePublished":"2024-02-08T13:19:57+00:00","dateModified":"2024-02-08T14:51:02+00:00","mainEntityOfPage":{"@id":"https:\/\/miralia.ai\/blog\/debrief-panel-greenit"},"wordCount":746,"publisher":{"@id":"https:\/\/miralia.ai\/fr\/#organization"},"image":{"@id":"https:\/\/miralia.ai\/blog\/debrief-panel-greenit#primaryimage"},"thumbnailUrl":"https:\/\/golem-ai-website-wordpress-prod.s3.fr-par.scw.cloud\/wp-content\/uploads\/2024\/02\/08140346\/Panel-Green-IT-PB.png","keywords":["frugalit\u00e9","GreenIT","IA","Panel","Scaleway","sobri\u00e9t\u00e9 num\u00e9rique"],"articleSection":["Blog","Ev\u00e9nements"],"inLanguage":"fr-FR"},{"@type":"WebPage","@id":"https:\/\/miralia.ai\/blog\/debrief-panel-greenit","url":"https:\/\/miralia.ai\/blog\/debrief-panel-greenit","name":"Retour sur le Panel Green IT organis\u00e9 par Scaleway.","isPartOf":{"@id":"https:\/\/miralia.ai\/fr\/#website"},"primaryImageOfPage":{"@id":"https:\/\/miralia.ai\/blog\/debrief-panel-greenit#primaryimage"},"image":{"@id":"https:\/\/miralia.ai\/blog\/debrief-panel-greenit#primaryimage"},"thumbnailUrl":"https:\/\/golem-ai-website-wordpress-prod.s3.fr-par.scw.cloud\/wp-content\/uploads\/2024\/02\/08140346\/Panel-Green-IT-PB.png","datePublished":"2024-02-08T13:19:57+00:00","dateModified":"2024-02-08T14:51:02+00:00","description":"D\u00e9brief des enjeux \u00e9voqu\u00e9s lors du Panel Green IT organis\u00e9 par Scaleway sur le sujet : \"Comment adopter le Green IT ? Et pourquoi?","inLanguage":"fr-FR","potentialAction":[{"@type":"ReadAction","target":["https:\/\/miralia.ai\/blog\/debrief-panel-greenit"]}]},{"@type":"ImageObject","inLanguage":"fr-FR","@id":"https:\/\/miralia.ai\/blog\/debrief-panel-greenit#primaryimage","url":"https:\/\/golem-ai-website-wordpress-prod.s3.fr-par.scw.cloud\/wp-content\/uploads\/2024\/02\/08140349\/Panel-Green-IT-RS.png","contentUrl":"https:\/\/golem-ai-website-wordpress-prod.s3.fr-par.scw.cloud\/wp-content\/uploads\/2024\/02\/08140349\/Panel-Green-IT-RS.png","width":"","height":"","caption":"Panel Green IT organis\u00e9 par Scaleway sur : \" Comment adopter le Green IT ? Et pourquoi ? \""},{"@type":"WebSite","@id":"https:\/\/miralia.ai\/fr\/#website","url":"https:\/\/miralia.ai\/fr\/","name":"Miralia.ai","description":"","publisher":{"@id":"https:\/\/miralia.ai\/fr\/#organization"},"potentialAction":[{"@type":"SearchAction","target":{"@type":"EntryPoint","urlTemplate":"https:\/\/miralia.ai\/fr\/?s={search_term_string}"},"query-input":{"@type":"PropertyValueSpecification","valueRequired":true,"valueName":"search_term_string"}}],"inLanguage":"fr-FR"},{"@type":"Organization","@id":"https:\/\/miralia.ai\/fr\/#organization","name":"Miralia","url":"https:\/\/miralia.ai\/fr\/","logo":{"@type":"ImageObject","inLanguage":"fr-FR","@id":"https:\/\/miralia.ai\/fr\/#\/schema\/logo\/image\/","url":"https:\/\/golem-ai-website-wordpress-prod.s3.fr-par.scw.cloud\/wp-content\/uploads\/2026\/01\/07142128\/Logo-Miralia.png","contentUrl":"https:\/\/golem-ai-website-wordpress-prod.s3.fr-par.scw.cloud\/wp-content\/uploads\/2026\/01\/07142128\/Logo-Miralia.png","width":1061,"height":211,"caption":"Miralia"},"image":{"@id":"https:\/\/miralia.ai\/fr\/#\/schema\/logo\/image\/"},"sameAs":["https:\/\/x.com\/miralia_ai","https:\/\/www.linkedin.com\/company\/miralia\/"]},{"@type":"Person","@id":"https:\/\/miralia.ai\/fr\/#\/schema\/person\/c8dda52df4ee61875af446746682491a","name":"Sammy Govin","image":{"@type":"ImageObject","inLanguage":"fr-FR","@id":"https:\/\/golem-ai-website-wordpress-prod.s3.fr-par.scw.cloud\/wp-content\/uploads\/2023\/10\/26113926\/IMG_8389-150x150.jpg","url":"https:\/\/golem-ai-website-wordpress-prod.s3.fr-par.scw.cloud\/wp-content\/uploads\/2023\/10\/26113926\/IMG_8389-150x150.jpg","contentUrl":"https:\/\/golem-ai-website-wordpress-prod.s3.fr-par.scw.cloud\/wp-content\/uploads\/2023\/10\/26113926\/IMG_8389-150x150.jpg","caption":"Sammy Govin"},"url":"https:\/\/miralia.ai\/fr\/auteur\/sammy-govin"}]}},"_links":{"self":[{"href":"https:\/\/miralia.ai\/fr\/wp-json\/wp\/v2\/posts\/25624","targetHints":{"allow":["GET"]}}],"collection":[{"href":"https:\/\/miralia.ai\/fr\/wp-json\/wp\/v2\/posts"}],"about":[{"href":"https:\/\/miralia.ai\/fr\/wp-json\/wp\/v2\/types\/post"}],"author":[{"embeddable":true,"href":"https:\/\/miralia.ai\/fr\/wp-json\/wp\/v2\/users\/23"}],"replies":[{"embeddable":true,"href":"https:\/\/miralia.ai\/fr\/wp-json\/wp\/v2\/comments?post=25624"}],"version-history":[{"count":5,"href":"https:\/\/miralia.ai\/fr\/wp-json\/wp\/v2\/posts\/25624\/revisions"}],"predecessor-version":[{"id":25637,"href":"https:\/\/miralia.ai\/fr\/wp-json\/wp\/v2\/posts\/25624\/revisions\/25637"}],"wp:featuredmedia":[{"embeddable":true,"href":"https:\/\/miralia.ai\/fr\/wp-json\/wp\/v2\/media\/25626"}],"wp:attachment":[{"href":"https:\/\/miralia.ai\/fr\/wp-json\/wp\/v2\/media?parent=25624"}],"wp:term":[{"taxonomy":"category","embeddable":true,"href":"https:\/\/miralia.ai\/fr\/wp-json\/wp\/v2\/categories?post=25624"},{"taxonomy":"post_tag","embeddable":true,"href":"https:\/\/miralia.ai\/fr\/wp-json\/wp\/v2\/tags?post=25624"}],"curies":[{"name":"wp","href":"https:\/\/api.w.org\/{rel}","templated":true}]}}