{"id":10604,"date":"2022-01-11T12:54:25","date_gmt":"2022-01-11T11:54:25","guid":{"rendered":"https:\/\/golem.ai\/?p=10604"},"modified":"2022-04-22T10:56:51","modified_gmt":"2022-04-22T08:56:51","slug":"interfaces-alain-yen-pon","status":"publish","type":"post","link":"https:\/\/miralia.ai\/fr\/blog\/interfaces-alain-yen-pon","title":{"rendered":"Interfaces : data office et d\u00e9marche collective data en entreprise"},"content":{"rendered":"\n<h3 class=\"wp-block-heading\" id=\"echange-avec-alain-yen-pon-co-auteur-de-l-ouvrage-chief-data-officer-edite-par-eyrolles-en-septembre-2020-qui-accompagne-depuis-une-vingtaine-d-annees-des-banques-francaises-et-etrangeres-dans-leurs-programmes-de-transformation-d-efficacite-operationnelle-reglementaires-et-de-gestion-de-la-donnee\"><strong><em>Echange avec Alain Yen-Pon, co-auteur de l&rsquo;ouvrage \u00ab\u00a0Chief Data Officer\u00a0\u00bb \u00e9dit\u00e9 par<\/em><\/strong><a href=\"https:\/\/www.eyrolles.com\/Entreprise\/Livre\/chief-data-officer-9782212573756\/\"><strong><em> Eyrolles<\/em><\/strong><\/a><strong><em> en septembre 2020, qui accompagne depuis une vingtaine d&rsquo;ann\u00e9es des banques fran\u00e7aises et \u00e9trang\u00e8res dans leurs programmes de transformation d&rsquo;efficacit\u00e9 op\u00e9rationnelle, r\u00e9glementaires et de gestion de la donn\u00e9e.<\/em><\/strong><\/h3>\n\n\n\n<p><\/p>\n\n\n\n<p style=\"font-size:21px\"><strong>Jean-Denis Garo : Quelle est aujourd\u2019hui la valeur d&rsquo;un<a href=\"https:\/\/golem.ai\/fr\/blog\/entreprise\/tribune-cdo-data\/\"> CDO<\/a> ?<\/strong><\/p>\n\n\n\n<p>Alain Yen-Pon: Elle est tr\u00e8s \u00e9lev\u00e9e dans un monde de plus en plus num\u00e9rique ! Son ambition est d\u2019augmenter la valeur du patrimoine de donn\u00e9es de l\u2019entreprise dans leur dimension \u00ab valeur de base ou intrins\u00e8que \u00bb au travers de leur gouvernance, qualit\u00e9, accessibilit\u00e9, protection\u2026 et dans leur dimension \u00ab valeur d\u2019usage ou d\u2019utilisation \u00bb en favorisant l\u2019\u00e9mergence de nouveaux usages ! Les b\u00e9n\u00e9fices de son action peuvent se mesurer au travers, par exemple, de la r\u00e9duction de la dette technique li\u00e9e \u00e0 la mauvaise gestion de la donn\u00e9e ou sa mauvaise utilisation ou au travers des gains li\u00e9s \u00e0 la mise en \u0153uvre de nouveaux usages ou encore aux gains li\u00e9s au d\u00e9veloppement de nouvelles activit\u00e9s.<\/p>\n\n\n\n<p style=\"font-size:21px\"><strong>Comment g\u00e9rer le budget du data office ?<\/strong><\/p>\n\n\n\n<p>C\u2019est un \u00e9quilibre \u00e0 trouver entre plusieurs lignes budg\u00e9taires : OPEX, CAPEX et RUN. Progressivement passer de l\u2019OPEX \u00e0 un mix CAPEX, OPEX et RUN. En rythme de croisi\u00e8re, il doit s\u2019assurer du maintien du dispositif de gouvernance d\u00e9ploy\u00e9 sur les p\u00e9rim\u00e8tres qui \u00abfonctionnent\u00bb et favoriser l\u2019arrimage de nouveaux p\u00e9rim\u00e8tres n\u00e9cessitant des investissements additionnels. Pour ce faire, il ne doit pas h\u00e9siter \u00e0 aller chercher des budgets en dehors de son p\u00e9rim\u00e8tre aupr\u00e8s des m\u00e9tiers pour mutualiser les financements.<\/p>\n\n\n\n<p class=\"has-text-align-center\"><a href=\"https:\/\/golem.ai\/fr\/ressources\/livre-blanc-experts-ia-interfaces\/\"><strong>T\u00e9l\u00e9chargez notre livre blanc <\/strong><\/a><\/p>\n\n\n\n<p class=\"has-text-align-center\"><a href=\"https:\/\/golem.ai\/fr\/ressources\/livre-blanc-experts-ia-interfaces\/\"><img decoding=\"async\" width=\"186\" height=\"263\" src=\"https:\/\/lh4.googleusercontent.com\/lJEfDhcpf6qje9bDo4v8g5Iiepg1yi2IEBwtOupIskMPaXZtr_mu3NYXLjfD8zzTyKXl3wt1MTfvPLFe9XKW1Zn6N6Ge4LIxKhs_vH_F6fwXVkjSPKQCq23f0UeZ2Vk2QpCHm31z\"><\/a><\/p>\n\n\n\n<p style=\"font-size:21px\"><strong>Pourquoi faut-il initier une d\u00e9marche collective<\/strong><a href=\"https:\/\/golem.ai\/fr\/blog\/entreprise\/ia-ethique-fondamentaux\/\"><strong> data<\/strong><\/a><strong> en entreprise ? Quels sont les facteurs cl\u00e9s du succ\u00e8s ?<\/strong><\/p>\n\n\n\n<p>Seul, le data office ne peut rien faire en mati\u00e8re gestion de la donn\u00e9e. Adopter de saines pratiques de collecte et de v\u00e9rification des informations saisies est l\u2019affaire de tous les collaborateurs. Tout comme, adopter des r\u00e9flexes de sollicitation du data office lorsque de nouveaux projets se mettent en place et n\u00e9cessitent l\u2019utilisation de donn\u00e9es existantes ou pas, afin de r\u00e9fl\u00e9chir \u00e0 la meilleure mani\u00e8re de les collecter, s\u00e9curiser et exploiter. Cela ne peut se faire sans la mobilisation de tous. Le data office organise, structure et s\u2019assure de la coh\u00e9rence des orientations prises en mati\u00e8re d\u2019outils et d\u2019approches.<\/p>\n\n\n\n<p>Quelques actions peuvent consid\u00e9rablement favoriser cette d\u00e9marche, nous pouvons en citer quelques-unes : actionner le senior management et le comit\u00e9 ex\u00e9cutif, focaliser sur les projets \u00e0 forte valeur ajout\u00e9e, faire \u00e9merger une communaut\u00e9 data rassemblant des repr\u00e9sentants m\u00e9tier et fonctions support\u2026<\/p>\n\n\n\n<div class=\"wp-block-image\"><figure class=\"aligncenter size-full is-resized\"><a href=\"https:\/\/golem.ai\/fr\/ressources\/\"><img fetchpriority=\"high\" decoding=\"async\" src=\"https:\/\/golem-ai-website-wordpress-prod.s3.fr-par.scw.cloud\/wp-content\/uploads\/2022\/03\/26173514\/Contenus.png\" alt=\"\" class=\"wp-image-12234\" width=\"480\" height=\"270\" srcset=\"https:\/\/golem-ai-website-wordpress-prod.s3.fr-par.scw.cloud\/wp-content\/uploads\/2022\/03\/26173514\/Contenus-300x169.png 300w, https:\/\/golem-ai-website-wordpress-prod.s3.fr-par.scw.cloud\/wp-content\/uploads\/2022\/03\/26173514\/Contenus-768x432.png 768w, https:\/\/golem-ai-website-wordpress-prod.s3.fr-par.scw.cloud\/wp-content\/uploads\/2022\/03\/26173514\/Contenus-18x10.png 18w, https:\/\/golem-ai-website-wordpress-prod.s3.fr-par.scw.cloud\/wp-content\/uploads\/2022\/03\/26173514\/Contenus.png 960w\" sizes=\"(max-width: 480px) 100vw, 480px\" \/><\/a><\/figure><\/div>\n\n\n\n<p style=\"font-size:21px\"><strong>Comment accompagner les \u00e9quipes dans ce projet d&rsquo;acculturation autour de la data ?<\/strong><\/p>\n\n\n\n<p>Sensibiliser, former et communiquer autour des initiatives data r\u00e9ussies afin de cr\u00e9dibiliser le dispositif data.<\/p>\n\n\n\n<p>Il n\u2019y a pas de limites aux formes que peuvent prendre les actions d\u2019acculturation. Cela peut-\u00eatre des outils ou approches comme par exemple, la conduite d\u2019un social game pour aider les collaborateurs \u00e0 s\u2019approprier la gouvernance des donn\u00e9es sur l\u2019ensemble de l\u2019entreprise (qualit\u00e9 des donn\u00e9es, utilisation des outils et solutions par le plus grand nombre, \u2026 ) ou la mise en place d\u2019un portail unique centralisant et distribuant l\u2019ensemble des informations disponibles en mati\u00e8re de gestion de la donn\u00e9e de l\u2019entreprise (documentation, vid\u00e9o, projets, \u00e9v\u00e9nements \u2026). Cela peut aussi \u00eatre d\u2019ordre organisationnel comme la mise en place d\u2019un data lab ou d\u2019un data hub pour cr\u00e9er des espaces d\u2019\u00e9changes et de d\u00e9veloppement p\u00e9rennes entre op\u00e9rationnels des m\u00e9tiers et professionnels de la donn\u00e9e. Ces espaces sont essentiels pour former et transmettre. Le principal est de communiquer sur le maximum de choses qui se passent autour de la donn\u00e9e pour que des id\u00e9es germent, soient test\u00e9es et soient appropri\u00e9es.<\/p>\n\n\n\n<h2 class=\"wp-block-heading\"><strong>D\u00e9couvrez toutes interviews de notre s\u00e9rie Interfaces :<\/strong><\/h2>\n\n\n\n<ul class=\"wp-block-list\"><li><strong><a href=\"https:\/\/golem.ai\/fr\/blog\/entreprise\/interfaces-sophie-dueme-2\/\">Interfaces avec Sophie Du\u00eame (partie 1)<\/a><\/strong>, co-auteure de l\u2019ouvrage \u00ab Pro en Relation Client \u00bb<\/li><li><strong><a href=\"https:\/\/golem.ai\/fr\/blog\/entreprise\/interfaces-sophie-dueme\/\">Interfaces avec Sophie Du\u00eame (partie 2)<\/a><\/strong>, co-auteure de l\u2019ouvrage \u00ab Pro en Relation Client \u00bb<\/li><li><strong><a href=\"https:\/\/golem.ai\/fr\/blog\/entreprise\/interview-gilbert-ton-cdo\/\">Interfaces avec Gilbert Ton<\/a><\/strong>&nbsp;\u2013 Fondateur-Associ\u00e9 de NewCo Data Services et co-auteur de l\u2019ouvrage \u201cChief Data Officer\u201d \u00e9dit\u00e9 par Eyrolles en septembre 2020.<\/li><li><strong><a href=\"https:\/\/golem.ai\/fr\/blog\/entreprise\/interfaces-interview-alain-conrard\/\">Interfaces avec Alain Conrard<\/a><\/strong>, CEO de Prodware Group et Pr\u00e9sident de la Commission Digitale du mouvement des ETI (METI). Auteur de \u201cOsons ! Un autre regard sur l\u2019innovation\u201d<\/li><li><strong><a href=\"https:\/\/golem.ai\/fr\/blog\/entreprise\/interfaces-ia-data\/\">Interfaces avec Mick Levy<\/a><\/strong>, Directeur de l\u2019innovation business chez Business &amp; Decision, et sp\u00e9cialiste de la donn\u00e9e. Auteur de \u201cSortez vos donn\u00e9es du frigo\u201d<\/li><li><strong><a href=\"https:\/\/golem.ai\/fr\/blog\/entreprise\/interfaces-celine-forest\/\">Interfaces avec C\u00e9line Forest<\/a><\/strong>, \u00e9lue \u00ab personnalit\u00e9 client de l\u2019ann\u00e9e 2019 \u00bb par le m\u00e9dia RelationClientMag, d\u00e9tentrice de la palme d\u2019argent \u00ab du directeur client de l\u2019ann\u00e9e 2019 \u00bb (AFRC) et reconnue par Les Echos avec un Next Leaders Award (2020), est l\u2019auteure de \u201cExp\u00e9rience clients, la revanche du BtoB\u201d<\/li><\/ul>\n\n\n\n<p><\/p>\n\n\n\n<p>Pour d\u00e9couvrir nos diff\u00e9rents contenus&nbsp;<strong><a href=\"https:\/\/golem.ai\/fr\/ressources\/livre-blanc-IA-ethique\/\">Livre blanc<\/a><\/strong>&nbsp;et&nbsp;<strong><a href=\"https:\/\/golem.ai\/fr\/ressources\/webinar-relation-client-manutan\/\">Webinar<\/a><\/strong>&nbsp;consultez directement notre page&nbsp;<strong><a href=\"https:\/\/golem.ai\/fr\/ressources\/\">ressources<\/a><\/strong>. N\u2019h\u00e9sitez pas \u00e0 contacter&nbsp;<strong><a href=\"https:\/\/golem.ai\/fr\/contact\/\">nos \u00e9quipes<\/a><\/strong>&nbsp;si vous avez la moindre question, elles se feront un plaisir de vous r\u00e9pondre !<\/p>\n<!-- AddThis Advanced Settings generic via filter on the_content --><!-- AddThis Share Buttons generic via filter on the_content -->","protected":false},"excerpt":{"rendered":"<p>Co-auteur de l\u2019ouvrage \u201cChief Data Officer\u201d, d\u00e9couvrez la nouvelle interview de notre s\u00e9rie Interfaces avec Alain Yen-Pon, qui s\u2019exprime sur la valeur du CDO dans les entreprises et ses d\u00e9fis.<!-- AddThis Advanced Settings generic via filter on get_the_excerpt --><!-- AddThis Share Buttons generic via filter on get_the_excerpt --><\/p>\n","protected":false},"author":8,"featured_media":10640,"comment_status":"closed","ping_status":"open","sticky":false,"template":"","format":"standard","meta":{"_acf_changed":false,"content-type":"","footnotes":""},"categories":[68],"tags":[91,88,90,89,76,78],"class_list":["post-10604","post","type-post","status-publish","format-standard","has-post-thumbnail","hentry","category-blog","tag-cdo","tag-data","tag-exploitation","tag-gestion","tag-ia","tag-travail"],"acf":[],"yoast_head":"<!-- This site is optimized with the Yoast SEO plugin v27.5 - https:\/\/yoast.com\/product\/yoast-seo-wordpress\/ -->\n<title>Le data office initiateur d\u2019une d\u00e9marche collective data en entreprise<\/title>\n<meta name=\"description\" content=\"Dans un monde de plus en plus num\u00e9rique, d\u00e9couvrez comment le data office g\u00e8re et accompagne l\u2019entreprise dans une d\u00e9marche collective data driven\" \/>\n<meta name=\"robots\" content=\"index, follow, max-snippet:-1, max-image-preview:large, max-video-preview:-1\" \/>\n<link rel=\"canonical\" href=\"https:\/\/miralia.ai\/fr\/blog\/interfaces-alain-yen-pon\/\" \/>\n<meta property=\"og:locale\" content=\"fr_FR\" \/>\n<meta property=\"og:type\" content=\"article\" \/>\n<meta property=\"og:title\" content=\"Le data office initiateur d\u2019une d\u00e9marche collective data en entreprise\" \/>\n<meta property=\"og:description\" content=\"Dans un monde de plus en plus num\u00e9rique, d\u00e9couvrez comment le data office g\u00e8re et accompagne l\u2019entreprise dans une d\u00e9marche collective data driven\" \/>\n<meta property=\"og:url\" content=\"https:\/\/miralia.ai\/fr\/blog\/interfaces-alain-yen-pon\/\" \/>\n<meta property=\"og:site_name\" content=\"Miralia.ai\" \/>\n<meta property=\"article:published_time\" content=\"2022-01-11T11:54:25+00:00\" \/>\n<meta property=\"article:modified_time\" content=\"2022-04-22T08:56:51+00:00\" \/>\n<meta property=\"og:image\" content=\"https:\/\/golem-ai-website-wordpress-prod.s3.fr-par.scw.cloud\/wp-content\/uploads\/2022\/01\/11140323\/Interfaces-Alain-Yen-Pon-reseaux-sociaux.png\" \/>\n\t<meta property=\"og:image:type\" content=\"image\/png\" \/>\n<meta name=\"author\" content=\"Jean-Denis Garo\" \/>\n<meta name=\"twitter:card\" content=\"summary_large_image\" \/>\n<meta name=\"twitter:creator\" content=\"@miralia_ai\" \/>\n<meta name=\"twitter:site\" content=\"@miralia_ai\" \/>\n<script type=\"application\/ld+json\" class=\"yoast-schema-graph\">{\"@context\":\"https:\\\/\\\/schema.org\",\"@graph\":[{\"@type\":\"Article\",\"@id\":\"https:\\\/\\\/miralia.ai\\\/blog\\\/entreprise\\\/interfaces-alain-yen-pon#article\",\"isPartOf\":{\"@id\":\"https:\\\/\\\/miralia.ai\\\/blog\\\/entreprise\\\/interfaces-alain-yen-pon\"},\"author\":{\"name\":\"Jean-Denis Garo\",\"@id\":\"https:\\\/\\\/miralia.ai\\\/fr\\\/#\\\/schema\\\/person\\\/deba4a295ccb0b555672fccf6f0dca2e\"},\"headline\":\"Interfaces : data office et d\u00e9marche collective data en entreprise\",\"datePublished\":\"2022-01-11T11:54:25+00:00\",\"dateModified\":\"2022-04-22T08:56:51+00:00\",\"mainEntityOfPage\":{\"@id\":\"https:\\\/\\\/miralia.ai\\\/blog\\\/entreprise\\\/interfaces-alain-yen-pon\"},\"wordCount\":911,\"publisher\":{\"@id\":\"https:\\\/\\\/miralia.ai\\\/fr\\\/#organization\"},\"image\":{\"@id\":\"https:\\\/\\\/miralia.ai\\\/blog\\\/entreprise\\\/interfaces-alain-yen-pon#primaryimage\"},\"thumbnailUrl\":\"https:\\\/\\\/golem-ai-website-wordpress-prod.s3.fr-par.scw.cloud\\\/wp-content\\\/uploads\\\/2022\\\/01\\\/11140243\\\/Interfaces-Alain-Yen-Pon-petite-banniere.png\",\"keywords\":[\"CDO\",\"data\",\"exploitation\",\"gestion\",\"IA\",\"Travail\"],\"articleSection\":[\"Blog\"],\"inLanguage\":\"fr-FR\"},{\"@type\":\"WebPage\",\"@id\":\"https:\\\/\\\/miralia.ai\\\/blog\\\/entreprise\\\/interfaces-alain-yen-pon\",\"url\":\"https:\\\/\\\/miralia.ai\\\/blog\\\/entreprise\\\/interfaces-alain-yen-pon\",\"name\":\"Le data office initiateur d\u2019une d\u00e9marche collective data en entreprise\",\"isPartOf\":{\"@id\":\"https:\\\/\\\/miralia.ai\\\/fr\\\/#website\"},\"primaryImageOfPage\":{\"@id\":\"https:\\\/\\\/miralia.ai\\\/blog\\\/entreprise\\\/interfaces-alain-yen-pon#primaryimage\"},\"image\":{\"@id\":\"https:\\\/\\\/miralia.ai\\\/blog\\\/entreprise\\\/interfaces-alain-yen-pon#primaryimage\"},\"thumbnailUrl\":\"https:\\\/\\\/golem-ai-website-wordpress-prod.s3.fr-par.scw.cloud\\\/wp-content\\\/uploads\\\/2022\\\/01\\\/11140243\\\/Interfaces-Alain-Yen-Pon-petite-banniere.png\",\"datePublished\":\"2022-01-11T11:54:25+00:00\",\"dateModified\":\"2022-04-22T08:56:51+00:00\",\"description\":\"Dans un monde de plus en plus num\u00e9rique, d\u00e9couvrez comment le data office g\u00e8re et accompagne l\u2019entreprise dans une d\u00e9marche collective data driven\",\"inLanguage\":\"fr-FR\",\"potentialAction\":[{\"@type\":\"ReadAction\",\"target\":[\"https:\\\/\\\/miralia.ai\\\/blog\\\/entreprise\\\/interfaces-alain-yen-pon\"]}]},{\"@type\":\"ImageObject\",\"inLanguage\":\"fr-FR\",\"@id\":\"https:\\\/\\\/miralia.ai\\\/blog\\\/entreprise\\\/interfaces-alain-yen-pon#primaryimage\",\"url\":\"https:\\\/\\\/golem-ai-website-wordpress-prod.s3.fr-par.scw.cloud\\\/wp-content\\\/uploads\\\/2022\\\/01\\\/11140323\\\/Interfaces-Alain-Yen-Pon-reseaux-sociaux.png\",\"contentUrl\":\"https:\\\/\\\/golem-ai-website-wordpress-prod.s3.fr-par.scw.cloud\\\/wp-content\\\/uploads\\\/2022\\\/01\\\/11140323\\\/Interfaces-Alain-Yen-Pon-reseaux-sociaux.png\",\"width\":\"\",\"height\":\"\"},{\"@type\":\"WebSite\",\"@id\":\"https:\\\/\\\/miralia.ai\\\/fr\\\/#website\",\"url\":\"https:\\\/\\\/miralia.ai\\\/fr\\\/\",\"name\":\"Miralia.ai\",\"description\":\"\",\"publisher\":{\"@id\":\"https:\\\/\\\/miralia.ai\\\/fr\\\/#organization\"},\"potentialAction\":[{\"@type\":\"SearchAction\",\"target\":{\"@type\":\"EntryPoint\",\"urlTemplate\":\"https:\\\/\\\/miralia.ai\\\/fr\\\/?s={search_term_string}\"},\"query-input\":{\"@type\":\"PropertyValueSpecification\",\"valueRequired\":true,\"valueName\":\"search_term_string\"}}],\"inLanguage\":\"fr-FR\"},{\"@type\":\"Organization\",\"@id\":\"https:\\\/\\\/miralia.ai\\\/fr\\\/#organization\",\"name\":\"Miralia\",\"url\":\"https:\\\/\\\/miralia.ai\\\/fr\\\/\",\"logo\":{\"@type\":\"ImageObject\",\"inLanguage\":\"fr-FR\",\"@id\":\"https:\\\/\\\/miralia.ai\\\/fr\\\/#\\\/schema\\\/logo\\\/image\\\/\",\"url\":\"https:\\\/\\\/golem-ai-website-wordpress-prod.s3.fr-par.scw.cloud\\\/wp-content\\\/uploads\\\/2026\\\/01\\\/07142128\\\/Logo-Miralia.png\",\"contentUrl\":\"https:\\\/\\\/golem-ai-website-wordpress-prod.s3.fr-par.scw.cloud\\\/wp-content\\\/uploads\\\/2026\\\/01\\\/07142128\\\/Logo-Miralia.png\",\"width\":1061,\"height\":211,\"caption\":\"Miralia\"},\"image\":{\"@id\":\"https:\\\/\\\/miralia.ai\\\/fr\\\/#\\\/schema\\\/logo\\\/image\\\/\"},\"sameAs\":[\"https:\\\/\\\/x.com\\\/miralia_ai\",\"https:\\\/\\\/www.linkedin.com\\\/company\\\/miralia\\\/\"]},{\"@type\":\"Person\",\"@id\":\"https:\\\/\\\/miralia.ai\\\/fr\\\/#\\\/schema\\\/person\\\/deba4a295ccb0b555672fccf6f0dca2e\",\"name\":\"Jean-Denis Garo\",\"image\":{\"@type\":\"ImageObject\",\"inLanguage\":\"fr-FR\",\"@id\":\"https:\\\/\\\/golem-ai-website-wordpress-prod.s3.fr-par.scw.cloud\\\/wp-content\\\/uploads\\\/2021\\\/10\\\/06140543\\\/Jean-denis-fonds-couleur-origine-150x150.png\",\"url\":\"https:\\\/\\\/golem-ai-website-wordpress-prod.s3.fr-par.scw.cloud\\\/wp-content\\\/uploads\\\/2021\\\/10\\\/06140543\\\/Jean-denis-fonds-couleur-origine-150x150.png\",\"contentUrl\":\"https:\\\/\\\/golem-ai-website-wordpress-prod.s3.fr-par.scw.cloud\\\/wp-content\\\/uploads\\\/2021\\\/10\\\/06140543\\\/Jean-denis-fonds-couleur-origine-150x150.png\",\"caption\":\"Jean-Denis Garo\"},\"url\":\"https:\\\/\\\/miralia.ai\\\/fr\\\/auteur\\\/jean-denisg\"}]}<\/script>\n<!-- \/ Yoast SEO plugin. -->","yoast_head_json":{"title":"Le data office initiateur d\u2019une d\u00e9marche collective data en entreprise","description":"Dans un monde de plus en plus num\u00e9rique, d\u00e9couvrez comment le data office g\u00e8re et accompagne l\u2019entreprise dans une d\u00e9marche collective data driven","robots":{"index":"index","follow":"follow","max-snippet":"max-snippet:-1","max-image-preview":"max-image-preview:large","max-video-preview":"max-video-preview:-1"},"canonical":"https:\/\/miralia.ai\/fr\/blog\/interfaces-alain-yen-pon\/","og_locale":"fr_FR","og_type":"article","og_title":"Le data office initiateur d\u2019une d\u00e9marche collective data en entreprise","og_description":"Dans un monde de plus en plus num\u00e9rique, d\u00e9couvrez comment le data office g\u00e8re et accompagne l\u2019entreprise dans une d\u00e9marche collective data driven","og_url":"https:\/\/miralia.ai\/fr\/blog\/interfaces-alain-yen-pon\/","og_site_name":"Miralia.ai","article_published_time":"2022-01-11T11:54:25+00:00","article_modified_time":"2022-04-22T08:56:51+00:00","og_image":[{"url":"https:\/\/golem-ai-website-wordpress-prod.s3.fr-par.scw.cloud\/wp-content\/uploads\/2022\/01\/11140323\/Interfaces-Alain-Yen-Pon-reseaux-sociaux.png","width":"","height":"","type":"image\/png"}],"author":"Jean-Denis Garo","twitter_card":"summary_large_image","twitter_creator":"@miralia_ai","twitter_site":"@miralia_ai","schema":{"@context":"https:\/\/schema.org","@graph":[{"@type":"Article","@id":"https:\/\/miralia.ai\/blog\/entreprise\/interfaces-alain-yen-pon#article","isPartOf":{"@id":"https:\/\/miralia.ai\/blog\/entreprise\/interfaces-alain-yen-pon"},"author":{"name":"Jean-Denis Garo","@id":"https:\/\/miralia.ai\/fr\/#\/schema\/person\/deba4a295ccb0b555672fccf6f0dca2e"},"headline":"Interfaces : data office et d\u00e9marche collective data en entreprise","datePublished":"2022-01-11T11:54:25+00:00","dateModified":"2022-04-22T08:56:51+00:00","mainEntityOfPage":{"@id":"https:\/\/miralia.ai\/blog\/entreprise\/interfaces-alain-yen-pon"},"wordCount":911,"publisher":{"@id":"https:\/\/miralia.ai\/fr\/#organization"},"image":{"@id":"https:\/\/miralia.ai\/blog\/entreprise\/interfaces-alain-yen-pon#primaryimage"},"thumbnailUrl":"https:\/\/golem-ai-website-wordpress-prod.s3.fr-par.scw.cloud\/wp-content\/uploads\/2022\/01\/11140243\/Interfaces-Alain-Yen-Pon-petite-banniere.png","keywords":["CDO","data","exploitation","gestion","IA","Travail"],"articleSection":["Blog"],"inLanguage":"fr-FR"},{"@type":"WebPage","@id":"https:\/\/miralia.ai\/blog\/entreprise\/interfaces-alain-yen-pon","url":"https:\/\/miralia.ai\/blog\/entreprise\/interfaces-alain-yen-pon","name":"Le data office initiateur d\u2019une d\u00e9marche collective data en entreprise","isPartOf":{"@id":"https:\/\/miralia.ai\/fr\/#website"},"primaryImageOfPage":{"@id":"https:\/\/miralia.ai\/blog\/entreprise\/interfaces-alain-yen-pon#primaryimage"},"image":{"@id":"https:\/\/miralia.ai\/blog\/entreprise\/interfaces-alain-yen-pon#primaryimage"},"thumbnailUrl":"https:\/\/golem-ai-website-wordpress-prod.s3.fr-par.scw.cloud\/wp-content\/uploads\/2022\/01\/11140243\/Interfaces-Alain-Yen-Pon-petite-banniere.png","datePublished":"2022-01-11T11:54:25+00:00","dateModified":"2022-04-22T08:56:51+00:00","description":"Dans un monde de plus en plus num\u00e9rique, d\u00e9couvrez comment le data office g\u00e8re et accompagne l\u2019entreprise dans une d\u00e9marche collective data driven","inLanguage":"fr-FR","potentialAction":[{"@type":"ReadAction","target":["https:\/\/miralia.ai\/blog\/entreprise\/interfaces-alain-yen-pon"]}]},{"@type":"ImageObject","inLanguage":"fr-FR","@id":"https:\/\/miralia.ai\/blog\/entreprise\/interfaces-alain-yen-pon#primaryimage","url":"https:\/\/golem-ai-website-wordpress-prod.s3.fr-par.scw.cloud\/wp-content\/uploads\/2022\/01\/11140323\/Interfaces-Alain-Yen-Pon-reseaux-sociaux.png","contentUrl":"https:\/\/golem-ai-website-wordpress-prod.s3.fr-par.scw.cloud\/wp-content\/uploads\/2022\/01\/11140323\/Interfaces-Alain-Yen-Pon-reseaux-sociaux.png","width":"","height":""},{"@type":"WebSite","@id":"https:\/\/miralia.ai\/fr\/#website","url":"https:\/\/miralia.ai\/fr\/","name":"Miralia.ai","description":"","publisher":{"@id":"https:\/\/miralia.ai\/fr\/#organization"},"potentialAction":[{"@type":"SearchAction","target":{"@type":"EntryPoint","urlTemplate":"https:\/\/miralia.ai\/fr\/?s={search_term_string}"},"query-input":{"@type":"PropertyValueSpecification","valueRequired":true,"valueName":"search_term_string"}}],"inLanguage":"fr-FR"},{"@type":"Organization","@id":"https:\/\/miralia.ai\/fr\/#organization","name":"Miralia","url":"https:\/\/miralia.ai\/fr\/","logo":{"@type":"ImageObject","inLanguage":"fr-FR","@id":"https:\/\/miralia.ai\/fr\/#\/schema\/logo\/image\/","url":"https:\/\/golem-ai-website-wordpress-prod.s3.fr-par.scw.cloud\/wp-content\/uploads\/2026\/01\/07142128\/Logo-Miralia.png","contentUrl":"https:\/\/golem-ai-website-wordpress-prod.s3.fr-par.scw.cloud\/wp-content\/uploads\/2026\/01\/07142128\/Logo-Miralia.png","width":1061,"height":211,"caption":"Miralia"},"image":{"@id":"https:\/\/miralia.ai\/fr\/#\/schema\/logo\/image\/"},"sameAs":["https:\/\/x.com\/miralia_ai","https:\/\/www.linkedin.com\/company\/miralia\/"]},{"@type":"Person","@id":"https:\/\/miralia.ai\/fr\/#\/schema\/person\/deba4a295ccb0b555672fccf6f0dca2e","name":"Jean-Denis Garo","image":{"@type":"ImageObject","inLanguage":"fr-FR","@id":"https:\/\/golem-ai-website-wordpress-prod.s3.fr-par.scw.cloud\/wp-content\/uploads\/2021\/10\/06140543\/Jean-denis-fonds-couleur-origine-150x150.png","url":"https:\/\/golem-ai-website-wordpress-prod.s3.fr-par.scw.cloud\/wp-content\/uploads\/2021\/10\/06140543\/Jean-denis-fonds-couleur-origine-150x150.png","contentUrl":"https:\/\/golem-ai-website-wordpress-prod.s3.fr-par.scw.cloud\/wp-content\/uploads\/2021\/10\/06140543\/Jean-denis-fonds-couleur-origine-150x150.png","caption":"Jean-Denis Garo"},"url":"https:\/\/miralia.ai\/fr\/auteur\/jean-denisg"}]}},"_links":{"self":[{"href":"https:\/\/miralia.ai\/fr\/wp-json\/wp\/v2\/posts\/10604","targetHints":{"allow":["GET"]}}],"collection":[{"href":"https:\/\/miralia.ai\/fr\/wp-json\/wp\/v2\/posts"}],"about":[{"href":"https:\/\/miralia.ai\/fr\/wp-json\/wp\/v2\/types\/post"}],"author":[{"embeddable":true,"href":"https:\/\/miralia.ai\/fr\/wp-json\/wp\/v2\/users\/8"}],"replies":[{"embeddable":true,"href":"https:\/\/miralia.ai\/fr\/wp-json\/wp\/v2\/comments?post=10604"}],"version-history":[{"count":5,"href":"https:\/\/miralia.ai\/fr\/wp-json\/wp\/v2\/posts\/10604\/revisions"}],"predecessor-version":[{"id":12287,"href":"https:\/\/miralia.ai\/fr\/wp-json\/wp\/v2\/posts\/10604\/revisions\/12287"}],"wp:featuredmedia":[{"embeddable":true,"href":"https:\/\/miralia.ai\/fr\/wp-json\/wp\/v2\/media\/10640"}],"wp:attachment":[{"href":"https:\/\/miralia.ai\/fr\/wp-json\/wp\/v2\/media?parent=10604"}],"wp:term":[{"taxonomy":"category","embeddable":true,"href":"https:\/\/miralia.ai\/fr\/wp-json\/wp\/v2\/categories?post=10604"},{"taxonomy":"post_tag","embeddable":true,"href":"https:\/\/miralia.ai\/fr\/wp-json\/wp\/v2\/tags?post=10604"}],"curies":[{"name":"wp","href":"https:\/\/api.w.org\/{rel}","templated":true}]}}