{"id":9866,"date":"2021-12-14T16:17:57","date_gmt":"2021-12-14T15:17:57","guid":{"rendered":"https:\/\/golem.ai\/?p=9866"},"modified":"2022-04-22T11:19:31","modified_gmt":"2022-04-22T09:19:31","slug":"intelligence-artificielle-souverainete","status":"publish","type":"post","link":"https:\/\/miralia.ai\/en\/blog\/intelligence-artificielle-souverainete","title":{"rendered":"Intelligence artificielle et souverainet\u00e9"},"content":{"rendered":"<h3 class=\"wp-block-heading\">L\u2019expansion du nombre de donn\u00e9es \u00e0 traiter en entreprise, pose de r\u00e9elles questions de souverainet\u00e9, tant dans leurs usages que leurs stockages. Et si nous \u00e9voquons la data, la place de l\u2019intelligence artificielle se pose \u00e9galement. Un sujet qu\u2019aborde Guillaume Navarre, CCO &amp; Co-fondateur de Golem.ai dans cette derni\u00e8re interview sur l&rsquo;IA Ethique.<\/h3>\n\n\n\n<h2 class=\"wp-block-heading\">Qu\u2019est ce que la souverainet\u00e9 num\u00e9rique dans un monde qui se veut globalis\u00e9 ?<\/h2>\n\n\n\n<p>D\u2019apr\u00e8s le s\u00e9nat, la <strong>souverainet\u00e9 num\u00e9rique<\/strong> d\u00e9finit comme \u00ab\u00a0la capacit\u00e9 de l\u2019\u00c9tat \u00e0 agir dans le cyberespace\u00a0\u00bb, ce qui est une \u00ab\u00a0condition n\u00e9cessaire \u00e0 la pr\u00e9servation de nos valeurs\u00a0\u00bb impliquant, d\u2019une part, \u00ab\u00a0une capacit\u00e9 autonome d\u2019appr\u00e9ciation, de d\u00e9cision et d\u2019action dans le cyberespace\u00a0\u00bb et, d\u2019autre part, la ma\u00eetrise de \u00ab\u00a0nos r\u00e9seaux, nos communications \u00e9lectroniques et nos donn\u00e9es\u00a0\u00bb.<\/p>\n\n\n\n<p>En sommes, c\u2019est le fait de mettre \u00e0 disposition des utilisateurs, des outils logiciels ou informatiques qui ne d\u00e9pendent pas de fa\u00e7on critique d\u2019acteurs tiers, afin d\u2019\u00e9viter des conflits de loyaut\u00e9. Cela fait r\u00e9f\u00e9rence \u00e0 la ma\u00eetrise et la <strong>protection des technologies<\/strong> num\u00e9riques de chaque acteur de son march\u00e9. Il est important de rappeler que chacun doit rester ma\u00eetre de ses donn\u00e9es, de leurs usages et de leurs finalit\u00e9s.<\/p>\n\n\n\n<p>Cette question d\u00e9passe les fronti\u00e8res de la France pour embrasser le projet europ\u00e9en dans son ensemble. Par exemple, l\u2019actualit\u00e9 a mis en exergue les fragilit\u00e9s de production, d\u2019approvisionnement, de disponibilit\u00e9 des mati\u00e8res premi\u00e8res, au travers de la crise sanitaire mondiale, r\u00e9v\u00e9lant ainsi l\u2019importance de la <strong>souverainet\u00e9 des \u00e9tats<\/strong> dans de nombreux secteurs, dont la technologie et le num\u00e9rique.<\/p>\n\n\n\n<p class=\"has-text-align-center\"><a href=\"https:\/\/golem.ai\/fr\/ressources\/livre-blanc-IA-ethique\/\"><strong>T\u00e9l\u00e9chargez notre livre blanc<\/strong><\/a><\/p>\n\n\n\n<div class=\"wp-block-image\"><figure class=\"aligncenter size-large is-resized\"><a href=\"https:\/\/golem.ai\/fr\/ressources\/livre-blanc-IA-ethique\/\"><img decoding=\"async\" src=\"https:\/\/golem-ai-website-wordpress-prod.s3.fr-par.scw.cloud\/wp-content\/uploads\/2022\/03\/25141456\/Capture-de%CC%81cran-2022-03-25-a%CC%80-2.14.26-PM-724x1024.png\" alt=\"\" class=\"wp-image-12162\" width=\"181\" height=\"256\"\/><\/a><\/figure><\/div>\n\n\n\n<h2 class=\"wp-block-heading\">Existe-t-il des leviers pour prot\u00e9ger cette ind\u00e9pendance technologique ?<\/h2>\n\n\n\n<p>Pour le moment, surtout un levier l\u00e9gislatif. En effet, ce sujet a connu une acc\u00e9l\u00e9ration depuis que la Commission Europ\u00e9enne, au travers du tr\u00e8s comment\u00e9 <strong>projet de r\u00e9glementation<\/strong> des applications bas\u00e9es sur l\u2019intelligence artificielle, affiche haut et fort sa volont\u00e9 de favoriser une IA de confiance et d\u2019excellence. Celle-ci permettrait enfin de soutenir des secteurs strat\u00e9giques comme celui de la sant\u00e9, des transports, des processus de fabrication et de l\u2019\u00e9nergie. Ces domaines ne peuvent se permettre de d\u00e9pendre de technologies et d\u2019infrastructures qui ne peuvent \u00eatre ma\u00eetris\u00e9es dans leur int\u00e9gralit\u00e9.<\/p>\n\n\n\n<h2 class=\"wp-block-heading\">La souverainet\u00e9 est donc l\u2019affaire de tous ?<\/h2>\n\n\n\n<p>La souverainet\u00e9 pose la question de l\u2019<strong>appartenance des donn\u00e9es<\/strong> et de la responsabilit\u00e9 qui incombe aux entit\u00e9s qui traitent les donn\u00e9es, celles des particuliers, des entreprises et des institutions \u00e9tatiques. L\u2019enjeu de la souverainet\u00e9 se pose \u00e9galement dans le domaine de la protection intellectuelle de notre savoir-faire europ\u00e9en.<\/p>\n\n\n\n<div class=\"wp-block-image\"><figure class=\"aligncenter size-full is-resized\"><a href=\"https:\/\/golem.ai\/fr\/ressources\/\"><img fetchpriority=\"high\" decoding=\"async\" src=\"https:\/\/golem-ai-website-wordpress-prod.s3.fr-par.scw.cloud\/wp-content\/uploads\/2022\/03\/26172703\/Webinar.png\" alt=\"\" class=\"wp-image-12231\" width=\"480\" height=\"270\" srcset=\"https:\/\/golem-ai-website-wordpress-prod.s3.fr-par.scw.cloud\/wp-content\/uploads\/2022\/03\/26172703\/Webinar-300x169.png 300w, https:\/\/golem-ai-website-wordpress-prod.s3.fr-par.scw.cloud\/wp-content\/uploads\/2022\/03\/26172703\/Webinar-768x432.png 768w, https:\/\/golem-ai-website-wordpress-prod.s3.fr-par.scw.cloud\/wp-content\/uploads\/2022\/03\/26172703\/Webinar-18x10.png 18w, https:\/\/golem-ai-website-wordpress-prod.s3.fr-par.scw.cloud\/wp-content\/uploads\/2022\/03\/26172703\/Webinar.png 960w\" sizes=\"(max-width: 480px) 100vw, 480px\" \/><\/a><\/figure><\/div>\n\n\n\n<h2 class=\"wp-block-heading\">Comment se singulariser dans un monde domin\u00e9 par les GAFAMI et BATX ?<\/h2>\n\n\n\n<p>L\u2019Europe multiculturelle et son projet de <strong>GDPR<\/strong>, doit trouver sa place entre les projets des GAFAMI et des BATX. Il faut souligner que ces multinationales proposent, la plupart du temps, des syst\u00e8mes d\u2019automatisation et d\u2019intelligence artificielle bas\u00e9es sur des mod\u00e8les de machine Learning tr\u00e8s <strong>gourmands en donn\u00e9es<\/strong> (souvent personnelles) ce qui peut donc poser des soucis de confidentialit\u00e9 en lien avec la protection des donn\u00e9es.<\/p>\n\n\n\n<p>La crise sanitaire, comme nous l\u2019avons d\u00e9j\u00e0 \u00e9voqu\u00e9, a mis en lumi\u00e8re de fa\u00e7on cruciale le risque de d\u00e9pendance \u00e9conomique vis-\u00e0-vis d\u2019autres pays hors UE. Elle engage une prise de conscience g\u00e9n\u00e9rale sur l\u2019importance de garder une certaine souverainet\u00e9 favorisant notre <strong>ind\u00e9pendance et notre d\u00e9veloppement \u00e9conomiques<\/strong>.<\/p>\n\n\n\n<p>Concr\u00e8tement, il est important que les partenaires num\u00e9riques (start-ups, \u00e9diteurs, ESN, op\u00e9rateurs\u2026) retenus dans des projets futurs, en particulier dans le domaine de l\u2019IA, soient garants de l<strong>\u2019ind\u00e9pendance de leurs clients et des donn\u00e9es<\/strong> en g\u00e9n\u00e9ral. Le choix d\u2019une IA doit se faire sur des crit\u00e8res techniques, mais aussi \u00e9thiques : \u00e0 savoir le respect des donn\u00e9es priv\u00e9es, l\u2019h\u00e9bergement des datas en Europe et enfin l\u2019explicabilit\u00e9 des d\u00e9cisions des algorithmes.<\/p>\n\n\n\n<p>Dans <strong>l\u2019innovation<\/strong>, l\u2019\u00e9quilibre est de rigueur, entre protection num\u00e9rique de nos libert\u00e9s, et ouverture \u00e0 un monde globalis\u00e9.<\/p>\n\n\n\n<p><\/p>\n\n\n\n<h2 class=\"wp-block-heading\">D\u00e9couvrez tous les sujets de notre s\u00e9rie sur l\u2019IA \u00c9thique :<\/h2>\n\n\n\n<ul class=\"wp-block-list\"><li><strong><a href=\"https:\/\/golem.ai\/fr\/blog\/entreprise\/ia-ethique-explicable\/\">Intelligence artificielle et explicabilit\u00e9<\/a><\/strong><\/li><li><strong><a href=\"https:\/\/golem.ai\/fr\/blog\/entreprise\/biais-algorithmes-ia\/\">Intelligence artificielle : savoir expliquer les biais<\/a><\/strong><\/li><li><strong><a href=\"https:\/\/golem.ai\/fr\/blog\/entreprise\/ia-ethique-data\/\">Intelligence artificielle et protection des donn\u00e9es<\/a><\/strong><\/li><li><strong><a href=\"https:\/\/golem.ai\/fr\/blog\/intelligence-artificielle-frugale\/\">Frugalit\u00e9, le chemin vers une green IA<\/a><\/strong><\/li><\/ul>\n\n\n\n<p><\/p>\n\n\n\n<p>Vous voulez en savoir plus sur l\u2019exploitation des donn\u00e9es par notre intelligence artificielle ? Pour plus d\u2019informations, consultez nos pages solutions&nbsp;<strong><a href=\"https:\/\/golem.ai\/fr\/solutions\/relation-client\/\">customer relationships<\/a><\/strong>,&nbsp;<strong><a href=\"https:\/\/golem.ai\/fr\/solutions\/gestion-appels-offres\/\">appels d\u2019offres<\/a><\/strong>&nbsp;or&nbsp;<strong><a href=\"https:\/\/golem.ai\/fr\/solutions\/conformite\/\">compliance<\/a><\/strong>. N\u2019h\u00e9sitez pas \u00e0 contacter&nbsp;<strong><a href=\"https:\/\/golem.ai\/en\/contact\/\">nos \u00e9quipes<\/a><\/strong>&nbsp;si vous avez la moindre question, elles se feront un plaisir de vous r\u00e9pondre !<\/p>\n<!-- AddThis Advanced Settings generic via filter on the_content --><!-- AddThis Share Buttons generic via filter on the_content -->","protected":false},"excerpt":{"rendered":"<p>Protection des donn\u00e9es, souverainet\u00e9 num\u00e9rique, ind\u00e9pendance technologique, d\u00e9couvrez notre derni\u00e8re interview sur l&rsquo;IA Ethique de demain.<!-- AddThis Advanced Settings generic via filter on get_the_excerpt --><!-- AddThis Share Buttons generic via filter on get_the_excerpt --><\/p>","protected":false},"author":3,"featured_media":9880,"comment_status":"closed","ping_status":"open","sticky":false,"template":"","format":"standard","meta":{"_acf_changed":false,"content-type":"","footnotes":""},"categories":[68],"tags":[77,76,75,86,85],"class_list":["post-9866","post","type-post","status-publish","format-standard","has-post-thumbnail","hentry","category-blog","tag-ai","tag-ia","tag-intelligence-artificielle","tag-numerique","tag-souverainete"],"acf":[],"yoast_head":"<!-- This site is optimized with the Yoast SEO plugin v27.5 - https:\/\/yoast.com\/product\/yoast-seo-wordpress\/ -->\n<title>Intelligence artificielle et souverainet\u00e9 num\u00e9rique<\/title>\n<meta name=\"description\" content=\"La protection des donn\u00e9es et la maitrise des solutions d&#039;intelligence artificielle sont des enjeux vitaux pour l&#039;ind\u00e9pendance europ\u00e9enne.\" \/>\n<meta name=\"robots\" content=\"index, follow, max-snippet:-1, max-image-preview:large, max-video-preview:-1\" \/>\n<link rel=\"canonical\" href=\"https:\/\/miralia.ai\/en\/blog\/intelligence-artificielle-souverainete\/\" \/>\n<meta property=\"og:locale\" content=\"en_US\" \/>\n<meta property=\"og:type\" content=\"article\" \/>\n<meta property=\"og:title\" content=\"Intelligence artificielle et souverainet\u00e9 num\u00e9rique\" \/>\n<meta property=\"og:description\" content=\"La protection des donn\u00e9es et la maitrise des solutions d&#039;intelligence artificielle sont des enjeux vitaux pour l&#039;ind\u00e9pendance europ\u00e9enne.\" \/>\n<meta property=\"og:url\" content=\"https:\/\/miralia.ai\/en\/blog\/intelligence-artificielle-souverainete\/\" \/>\n<meta property=\"og:site_name\" content=\"Miralia.ai\" \/>\n<meta property=\"article:published_time\" content=\"2021-12-14T15:17:57+00:00\" \/>\n<meta property=\"article:modified_time\" content=\"2022-04-22T09:19:31+00:00\" \/>\n<meta property=\"og:image\" content=\"https:\/\/golem-ai-website-wordpress-prod.s3.fr-par.scw.cloud\/wp-content\/uploads\/2021\/12\/14162837\/IA-Souveraine-RS.png\" \/>\n\t<meta property=\"og:image:type\" content=\"image\/png\" \/>\n<meta name=\"author\" content=\"Thomas Leduc\" \/>\n<meta name=\"twitter:card\" content=\"summary_large_image\" \/>\n<meta name=\"twitter:creator\" content=\"@miralia_ai\" \/>\n<meta name=\"twitter:site\" content=\"@miralia_ai\" \/>\n<script type=\"application\/ld+json\" class=\"yoast-schema-graph\">{\"@context\":\"https:\\\/\\\/schema.org\",\"@graph\":[{\"@type\":\"Article\",\"@id\":\"https:\\\/\\\/miralia.ai\\\/blog\\\/entreprise\\\/intelligence-artificielle-souverainete#article\",\"isPartOf\":{\"@id\":\"https:\\\/\\\/miralia.ai\\\/blog\\\/entreprise\\\/intelligence-artificielle-souverainete\"},\"author\":{\"name\":\"Thomas Leduc\",\"@id\":\"https:\\\/\\\/miralia.ai\\\/fr\\\/#\\\/schema\\\/person\\\/a25711a1713dceec302b048e7a97f063\"},\"headline\":\"Intelligence artificielle et souverainet\u00e9\",\"datePublished\":\"2021-12-14T15:17:57+00:00\",\"dateModified\":\"2022-04-22T09:19:31+00:00\",\"mainEntityOfPage\":{\"@id\":\"https:\\\/\\\/miralia.ai\\\/blog\\\/entreprise\\\/intelligence-artificielle-souverainete\"},\"wordCount\":829,\"publisher\":{\"@id\":\"https:\\\/\\\/miralia.ai\\\/fr\\\/#organization\"},\"image\":{\"@id\":\"https:\\\/\\\/miralia.ai\\\/blog\\\/entreprise\\\/intelligence-artificielle-souverainete#primaryimage\"},\"thumbnailUrl\":\"https:\\\/\\\/golem-ai-website-wordpress-prod.s3.fr-par.scw.cloud\\\/wp-content\\\/uploads\\\/2021\\\/12\\\/14162756\\\/IA-souveraine-Petit-banniere.png\",\"keywords\":[\"AI\",\"IA\",\"intelligence artificielle\",\"num\u00e9rique\",\"Souverainet\u00e9\"],\"articleSection\":[\"Blog\"],\"inLanguage\":\"en-US\"},{\"@type\":\"WebPage\",\"@id\":\"https:\\\/\\\/miralia.ai\\\/blog\\\/entreprise\\\/intelligence-artificielle-souverainete\",\"url\":\"https:\\\/\\\/miralia.ai\\\/blog\\\/entreprise\\\/intelligence-artificielle-souverainete\",\"name\":\"Intelligence artificielle et souverainet\u00e9 num\u00e9rique\",\"isPartOf\":{\"@id\":\"https:\\\/\\\/miralia.ai\\\/fr\\\/#website\"},\"primaryImageOfPage\":{\"@id\":\"https:\\\/\\\/miralia.ai\\\/blog\\\/entreprise\\\/intelligence-artificielle-souverainete#primaryimage\"},\"image\":{\"@id\":\"https:\\\/\\\/miralia.ai\\\/blog\\\/entreprise\\\/intelligence-artificielle-souverainete#primaryimage\"},\"thumbnailUrl\":\"https:\\\/\\\/golem-ai-website-wordpress-prod.s3.fr-par.scw.cloud\\\/wp-content\\\/uploads\\\/2021\\\/12\\\/14162756\\\/IA-souveraine-Petit-banniere.png\",\"datePublished\":\"2021-12-14T15:17:57+00:00\",\"dateModified\":\"2022-04-22T09:19:31+00:00\",\"description\":\"La protection des donn\u00e9es et la maitrise des solutions d'intelligence artificielle sont des enjeux vitaux pour l'ind\u00e9pendance europ\u00e9enne.\",\"inLanguage\":\"en-US\",\"potentialAction\":[{\"@type\":\"ReadAction\",\"target\":[\"https:\\\/\\\/miralia.ai\\\/blog\\\/entreprise\\\/intelligence-artificielle-souverainete\"]}]},{\"@type\":\"ImageObject\",\"inLanguage\":\"en-US\",\"@id\":\"https:\\\/\\\/miralia.ai\\\/blog\\\/entreprise\\\/intelligence-artificielle-souverainete#primaryimage\",\"url\":\"https:\\\/\\\/golem-ai-website-wordpress-prod.s3.fr-par.scw.cloud\\\/wp-content\\\/uploads\\\/2021\\\/12\\\/14162837\\\/IA-Souveraine-RS.png\",\"contentUrl\":\"https:\\\/\\\/golem-ai-website-wordpress-prod.s3.fr-par.scw.cloud\\\/wp-content\\\/uploads\\\/2021\\\/12\\\/14162837\\\/IA-Souveraine-RS.png\",\"width\":\"\",\"height\":\"\"},{\"@type\":\"WebSite\",\"@id\":\"https:\\\/\\\/miralia.ai\\\/fr\\\/#website\",\"url\":\"https:\\\/\\\/miralia.ai\\\/fr\\\/\",\"name\":\"Miralia.ai\",\"description\":\"\",\"publisher\":{\"@id\":\"https:\\\/\\\/miralia.ai\\\/fr\\\/#organization\"},\"potentialAction\":[{\"@type\":\"SearchAction\",\"target\":{\"@type\":\"EntryPoint\",\"urlTemplate\":\"https:\\\/\\\/miralia.ai\\\/fr\\\/?s={search_term_string}\"},\"query-input\":{\"@type\":\"PropertyValueSpecification\",\"valueRequired\":true,\"valueName\":\"search_term_string\"}}],\"inLanguage\":\"en-US\"},{\"@type\":\"Organization\",\"@id\":\"https:\\\/\\\/miralia.ai\\\/fr\\\/#organization\",\"name\":\"Miralia\",\"url\":\"https:\\\/\\\/miralia.ai\\\/fr\\\/\",\"logo\":{\"@type\":\"ImageObject\",\"inLanguage\":\"en-US\",\"@id\":\"https:\\\/\\\/miralia.ai\\\/fr\\\/#\\\/schema\\\/logo\\\/image\\\/\",\"url\":\"https:\\\/\\\/golem-ai-website-wordpress-prod.s3.fr-par.scw.cloud\\\/wp-content\\\/uploads\\\/2026\\\/01\\\/07142128\\\/Logo-Miralia.png\",\"contentUrl\":\"https:\\\/\\\/golem-ai-website-wordpress-prod.s3.fr-par.scw.cloud\\\/wp-content\\\/uploads\\\/2026\\\/01\\\/07142128\\\/Logo-Miralia.png\",\"width\":1061,\"height\":211,\"caption\":\"Miralia\"},\"image\":{\"@id\":\"https:\\\/\\\/miralia.ai\\\/fr\\\/#\\\/schema\\\/logo\\\/image\\\/\"},\"sameAs\":[\"https:\\\/\\\/x.com\\\/miralia_ai\",\"https:\\\/\\\/www.linkedin.com\\\/company\\\/miralia\\\/\"]},{\"@type\":\"Person\",\"@id\":\"https:\\\/\\\/miralia.ai\\\/fr\\\/#\\\/schema\\\/person\\\/a25711a1713dceec302b048e7a97f063\",\"name\":\"Thomas Leduc\",\"image\":{\"@type\":\"ImageObject\",\"inLanguage\":\"en-US\",\"@id\":\"https:\\\/\\\/golem-ai-website-wordpress-prod.s3.fr-par.scw.cloud\\\/wp-content\\\/uploads\\\/2021\\\/10\\\/06140903\\\/photo-thomas-leduc-150x150.png\",\"url\":\"https:\\\/\\\/golem-ai-website-wordpress-prod.s3.fr-par.scw.cloud\\\/wp-content\\\/uploads\\\/2021\\\/10\\\/06140903\\\/photo-thomas-leduc-150x150.png\",\"contentUrl\":\"https:\\\/\\\/golem-ai-website-wordpress-prod.s3.fr-par.scw.cloud\\\/wp-content\\\/uploads\\\/2021\\\/10\\\/06140903\\\/photo-thomas-leduc-150x150.png\",\"caption\":\"Thomas Leduc\"},\"url\":\"https:\\\/\\\/miralia.ai\\\/en\\\/auteur\\\/thomasl\"}]}<\/script>\n<!-- \/ Yoast SEO plugin. -->","yoast_head_json":{"title":"Intelligence artificielle et souverainet\u00e9 num\u00e9rique","description":"La protection des donn\u00e9es et la maitrise des solutions d'intelligence artificielle sont des enjeux vitaux pour l'ind\u00e9pendance europ\u00e9enne.","robots":{"index":"index","follow":"follow","max-snippet":"max-snippet:-1","max-image-preview":"max-image-preview:large","max-video-preview":"max-video-preview:-1"},"canonical":"https:\/\/miralia.ai\/en\/blog\/intelligence-artificielle-souverainete\/","og_locale":"en_US","og_type":"article","og_title":"Intelligence artificielle et souverainet\u00e9 num\u00e9rique","og_description":"La protection des donn\u00e9es et la maitrise des solutions d'intelligence artificielle sont des enjeux vitaux pour l'ind\u00e9pendance europ\u00e9enne.","og_url":"https:\/\/miralia.ai\/en\/blog\/intelligence-artificielle-souverainete\/","og_site_name":"Miralia.ai","article_published_time":"2021-12-14T15:17:57+00:00","article_modified_time":"2022-04-22T09:19:31+00:00","og_image":[{"url":"https:\/\/golem-ai-website-wordpress-prod.s3.fr-par.scw.cloud\/wp-content\/uploads\/2021\/12\/14162837\/IA-Souveraine-RS.png","width":"","height":"","type":"image\/png"}],"author":"Thomas Leduc","twitter_card":"summary_large_image","twitter_creator":"@miralia_ai","twitter_site":"@miralia_ai","schema":{"@context":"https:\/\/schema.org","@graph":[{"@type":"Article","@id":"https:\/\/miralia.ai\/blog\/entreprise\/intelligence-artificielle-souverainete#article","isPartOf":{"@id":"https:\/\/miralia.ai\/blog\/entreprise\/intelligence-artificielle-souverainete"},"author":{"name":"Thomas Leduc","@id":"https:\/\/miralia.ai\/fr\/#\/schema\/person\/a25711a1713dceec302b048e7a97f063"},"headline":"Intelligence artificielle et souverainet\u00e9","datePublished":"2021-12-14T15:17:57+00:00","dateModified":"2022-04-22T09:19:31+00:00","mainEntityOfPage":{"@id":"https:\/\/miralia.ai\/blog\/entreprise\/intelligence-artificielle-souverainete"},"wordCount":829,"publisher":{"@id":"https:\/\/miralia.ai\/fr\/#organization"},"image":{"@id":"https:\/\/miralia.ai\/blog\/entreprise\/intelligence-artificielle-souverainete#primaryimage"},"thumbnailUrl":"https:\/\/golem-ai-website-wordpress-prod.s3.fr-par.scw.cloud\/wp-content\/uploads\/2021\/12\/14162756\/IA-souveraine-Petit-banniere.png","keywords":["AI","IA","intelligence artificielle","num\u00e9rique","Souverainet\u00e9"],"articleSection":["Blog"],"inLanguage":"en-US"},{"@type":"WebPage","@id":"https:\/\/miralia.ai\/blog\/entreprise\/intelligence-artificielle-souverainete","url":"https:\/\/miralia.ai\/blog\/entreprise\/intelligence-artificielle-souverainete","name":"Intelligence artificielle et souverainet\u00e9 num\u00e9rique","isPartOf":{"@id":"https:\/\/miralia.ai\/fr\/#website"},"primaryImageOfPage":{"@id":"https:\/\/miralia.ai\/blog\/entreprise\/intelligence-artificielle-souverainete#primaryimage"},"image":{"@id":"https:\/\/miralia.ai\/blog\/entreprise\/intelligence-artificielle-souverainete#primaryimage"},"thumbnailUrl":"https:\/\/golem-ai-website-wordpress-prod.s3.fr-par.scw.cloud\/wp-content\/uploads\/2021\/12\/14162756\/IA-souveraine-Petit-banniere.png","datePublished":"2021-12-14T15:17:57+00:00","dateModified":"2022-04-22T09:19:31+00:00","description":"La protection des donn\u00e9es et la maitrise des solutions d'intelligence artificielle sont des enjeux vitaux pour l'ind\u00e9pendance europ\u00e9enne.","inLanguage":"en-US","potentialAction":[{"@type":"ReadAction","target":["https:\/\/miralia.ai\/blog\/entreprise\/intelligence-artificielle-souverainete"]}]},{"@type":"ImageObject","inLanguage":"en-US","@id":"https:\/\/miralia.ai\/blog\/entreprise\/intelligence-artificielle-souverainete#primaryimage","url":"https:\/\/golem-ai-website-wordpress-prod.s3.fr-par.scw.cloud\/wp-content\/uploads\/2021\/12\/14162837\/IA-Souveraine-RS.png","contentUrl":"https:\/\/golem-ai-website-wordpress-prod.s3.fr-par.scw.cloud\/wp-content\/uploads\/2021\/12\/14162837\/IA-Souveraine-RS.png","width":"","height":""},{"@type":"WebSite","@id":"https:\/\/miralia.ai\/fr\/#website","url":"https:\/\/miralia.ai\/fr\/","name":"Miralia.ai","description":"","publisher":{"@id":"https:\/\/miralia.ai\/fr\/#organization"},"potentialAction":[{"@type":"SearchAction","target":{"@type":"EntryPoint","urlTemplate":"https:\/\/miralia.ai\/fr\/?s={search_term_string}"},"query-input":{"@type":"PropertyValueSpecification","valueRequired":true,"valueName":"search_term_string"}}],"inLanguage":"en-US"},{"@type":"Organization","@id":"https:\/\/miralia.ai\/fr\/#organization","name":"Miralia","url":"https:\/\/miralia.ai\/fr\/","logo":{"@type":"ImageObject","inLanguage":"en-US","@id":"https:\/\/miralia.ai\/fr\/#\/schema\/logo\/image\/","url":"https:\/\/golem-ai-website-wordpress-prod.s3.fr-par.scw.cloud\/wp-content\/uploads\/2026\/01\/07142128\/Logo-Miralia.png","contentUrl":"https:\/\/golem-ai-website-wordpress-prod.s3.fr-par.scw.cloud\/wp-content\/uploads\/2026\/01\/07142128\/Logo-Miralia.png","width":1061,"height":211,"caption":"Miralia"},"image":{"@id":"https:\/\/miralia.ai\/fr\/#\/schema\/logo\/image\/"},"sameAs":["https:\/\/x.com\/miralia_ai","https:\/\/www.linkedin.com\/company\/miralia\/"]},{"@type":"Person","@id":"https:\/\/miralia.ai\/fr\/#\/schema\/person\/a25711a1713dceec302b048e7a97f063","name":"Thomas Leduc","image":{"@type":"ImageObject","inLanguage":"en-US","@id":"https:\/\/golem-ai-website-wordpress-prod.s3.fr-par.scw.cloud\/wp-content\/uploads\/2021\/10\/06140903\/photo-thomas-leduc-150x150.png","url":"https:\/\/golem-ai-website-wordpress-prod.s3.fr-par.scw.cloud\/wp-content\/uploads\/2021\/10\/06140903\/photo-thomas-leduc-150x150.png","contentUrl":"https:\/\/golem-ai-website-wordpress-prod.s3.fr-par.scw.cloud\/wp-content\/uploads\/2021\/10\/06140903\/photo-thomas-leduc-150x150.png","caption":"Thomas Leduc"},"url":"https:\/\/miralia.ai\/en\/auteur\/thomasl"}]}},"_links":{"self":[{"href":"https:\/\/miralia.ai\/en\/wp-json\/wp\/v2\/posts\/9866","targetHints":{"allow":["GET"]}}],"collection":[{"href":"https:\/\/miralia.ai\/en\/wp-json\/wp\/v2\/posts"}],"about":[{"href":"https:\/\/miralia.ai\/en\/wp-json\/wp\/v2\/types\/post"}],"author":[{"embeddable":true,"href":"https:\/\/miralia.ai\/en\/wp-json\/wp\/v2\/users\/3"}],"replies":[{"embeddable":true,"href":"https:\/\/miralia.ai\/en\/wp-json\/wp\/v2\/comments?post=9866"}],"version-history":[{"count":5,"href":"https:\/\/miralia.ai\/en\/wp-json\/wp\/v2\/posts\/9866\/revisions"}],"predecessor-version":[{"id":12277,"href":"https:\/\/miralia.ai\/en\/wp-json\/wp\/v2\/posts\/9866\/revisions\/12277"}],"wp:featuredmedia":[{"embeddable":true,"href":"https:\/\/miralia.ai\/en\/wp-json\/wp\/v2\/media\/9880"}],"wp:attachment":[{"href":"https:\/\/miralia.ai\/en\/wp-json\/wp\/v2\/media?parent=9866"}],"wp:term":[{"taxonomy":"category","embeddable":true,"href":"https:\/\/miralia.ai\/en\/wp-json\/wp\/v2\/categories?post=9866"},{"taxonomy":"post_tag","embeddable":true,"href":"https:\/\/miralia.ai\/en\/wp-json\/wp\/v2\/tags?post=9866"}],"curies":[{"name":"wp","href":"https:\/\/api.w.org\/{rel}","templated":true}]}}