{"id":9622,"date":"2021-11-18T10:51:17","date_gmt":"2021-11-18T09:51:17","guid":{"rendered":"https:\/\/golem.ai\/?p=9622"},"modified":"2022-04-22T11:33:02","modified_gmt":"2022-04-22T09:33:02","slug":"intelligence-artificielle-travail-impacts","status":"publish","type":"post","link":"https:\/\/miralia.ai\/en\/blog\/intelligence-artificielle-travail-impacts","title":{"rendered":"Intelligence artificielle, quels impacts au travail ?"},"content":{"rendered":"<h3 class=\"wp-block-heading\"><em>Il est une appr\u00e9hension complexe et omnipr\u00e9sente sur laquelle nous avons autant d\u2019informations que d\u2019inconnues, c\u2019est celle des impacts des nouvelles technologies sur notre travail. Bien que souvent n\u00e9ophyte en la mati\u00e8re, nous constatons chaque jour que l\u2019acc\u00e9l\u00e9ration num\u00e9rique bouleverse notre contr\u00f4le de la gestion des flux d\u2019informations en entreprise. Et si l\u2019intelligence artificielle allait tout simplement nous redonner cette ma\u00eetrise ? Retour sur l\u2019interview de Thomas Solignac CEO &amp; Cofondateur de Golem.ai sur le podcast <a href=\"https:\/\/twitter.com\/PPC\/status\/1452870035458781188?s=20\" target=\"_blank\" rel=\"noreferrer noopener\">Bonjour PPC<\/a> avec Pierre-Philippe Cormeraie<\/em>.<\/h3>\n\n\n\n<h2 class=\"wp-block-heading\"><strong>La peur du grand remplacement<\/strong><\/h2>\n\n\n\n<p>91% des Fran\u00e7ais ont d\u00e9j\u00e0 entendu parler de la notion d\u2019intelligence artificielle, 1 Fran\u00e7ais sur 2 d\u00e9clare m\u00eame savoir de quoi il s\u2019agit pr\u00e9cis\u00e9ment, mais seulement 16% l\u2019utilisent dans leur vie professionnelle*. C\u2019est un paradoxe qui contribue au d\u00e9veloppement de nombreuses peurs et mauvaises <strong>perceptions des impacts de l\u2019IA<\/strong>.&nbsp;<\/p>\n\n\n\n<p>Et pourtant les <strong>gains de productivit\u00e9<\/strong> en entreprise sont aujourd\u2019hui mesurables et mesur\u00e9s notamment d\u00e8s lors que du temps est lib\u00e9r\u00e9 dans l\u2019automatisation de certains processus (<a href=\"https:\/\/golem.ai\/fr\/blog\/entreprise\/webinar-replay-manutan-relation-client\/\"><strong>assistance \u00e0 la relation client<\/strong><\/a>, automatisation du <a href=\"https:\/\/golem.ai\/fr\/blog\/entreprise\/kyc-relation-client-ia\/\"><strong>KYC<\/strong><\/a>\u2026) ou la gestion des datas souvent multiples et complexes \u00e0 structurer, s\u2019analysent plus facilement avec l\u2019aide d\u2019<a href=\"https:\/\/golem.ai\/fr\/blog\/entreprise\/insights-business\/\"><strong>IA actionnables<\/strong><\/a>.<\/p>\n\n\n\n<div class=\"wp-block-image\"><figure class=\"aligncenter size-full is-resized\"><a href=\"https:\/\/golem.ai\/fr\/ressources\/\"><img fetchpriority=\"high\" decoding=\"async\" src=\"https:\/\/golem-ai-website-wordpress-prod.s3.fr-par.scw.cloud\/wp-content\/uploads\/2022\/03\/26173514\/Contenus.png\" alt=\"\" class=\"wp-image-12234\" width=\"480\" height=\"270\" srcset=\"https:\/\/golem-ai-website-wordpress-prod.s3.fr-par.scw.cloud\/wp-content\/uploads\/2022\/03\/26173514\/Contenus-300x169.png 300w, https:\/\/golem-ai-website-wordpress-prod.s3.fr-par.scw.cloud\/wp-content\/uploads\/2022\/03\/26173514\/Contenus-768x432.png 768w, https:\/\/golem-ai-website-wordpress-prod.s3.fr-par.scw.cloud\/wp-content\/uploads\/2022\/03\/26173514\/Contenus-18x10.png 18w, https:\/\/golem-ai-website-wordpress-prod.s3.fr-par.scw.cloud\/wp-content\/uploads\/2022\/03\/26173514\/Contenus.png 960w\" sizes=\"(max-width: 480px) 100vw, 480px\" \/><\/a><\/figure><\/div>\n\n\n\n<h2 class=\"wp-block-heading\"><strong>D\u00e9veloppement num\u00e9rique et infob\u00e9sit\u00e9<\/strong><\/h2>\n\n\n\n<p>The <strong>d\u00e9veloppement num\u00e9rique<\/strong> multiplie tant les canaux de communication que nous utilisons dans le cadre personnel ou professionnel, que la multiplicit\u00e9 d\u2019informations et d\u2019innovations qu&rsquo;il nous faut comprendre et acqu\u00e9rir : <em>\u201cLes m\u00e9tiers ont vocation \u00e0 changer de plus en plus vite, les collaborateurs ont vocation \u00e0 se reformer plus souvent, et la question que cela ouvre est celle de l\u2019accompagnement de ces sujets\u201d<\/em> Thomas Solignac.<\/p>\n\n\n\n<p>\u00c9volution rapide des processus en entreprise, <strong>multiplicit\u00e9 de donn\u00e9es \u00e0 traiter<\/strong>, besoin d&rsquo;accro\u00eetre la rapidit\u00e9 des \u00e9changes\u2026 Ce sont autant de raisons de percevoir l\u2019<strong>AI<\/strong> comme une aide pour reprendre le contr\u00f4le d\u2019une hyperprocessisation, d\u2019un environnement num\u00e9rique toujours plus <strong>gourmand en donn\u00e9es<\/strong>, en sommes <a href=\"https:\/\/golem.ai\/fr\/blog\/entreprise\/ia-travail-tedx\/\"><strong>du travail<\/strong><\/a>.<\/p>\n\n\n\n<p><\/p>\n\n\n\n<figure class=\"wp-block-embed is-type-video is-provider-youtube wp-block-embed-youtube wp-embed-aspect-16-9 wp-has-aspect-ratio\"><div class=\"wp-block-embed__wrapper\">\n<iframe title=\"Intelligence artificielle, quels impacts au travail   ?\" width=\"800\" height=\"450\" src=\"https:\/\/www.youtube.com\/embed\/RvPp5CrrCEY?start=1&#038;feature=oembed\" frameborder=\"0\" allow=\"accelerometer; autoplay; clipboard-write; encrypted-media; gyroscope; picture-in-picture\" allowfullscreen><\/iframe>\n<\/div><\/figure>\n\n\n\n<p><\/p>\n\n\n\n<p><em>Discover <a href=\"https:\/\/twitter.com\/PPC\/status\/1452870035458781188?s=20\" target=\"_blank\" rel=\"noreferrer noopener\"><strong>l\u2019ensemble du podcast dans cette interview de PPC<\/strong><\/a>, un collectif de femmes et d&rsquo;hommes qui aiment \u00e9changer pour permettre \u00e0 tous de mieux comprendre le digital et pouvoir en saisir les opportunit\u00e9s.<\/em><\/p>\n\n\n\n<p><\/p>\n\n\n\n<p>Vous voulez en savoir plus sur l\u2019exploitation des donn\u00e9es par notre IA ? Pour plus d\u2019informations, consultez nos pages solutions&nbsp;<strong><a href=\"https:\/\/golem.ai\/fr\/solutions\/relation-client\/\">customer relationships<\/a>,&nbsp;<a href=\"https:\/\/golem.ai\/fr\/solutions\/gestion-appels-offres\/\">appels d\u2019offres<\/a><\/strong>&nbsp;or<strong>&nbsp;<a href=\"https:\/\/golem.ai\/fr\/solutions\/conformite\/\">compliance<\/a><\/strong>. N\u2019h\u00e9sitez pas \u00e0 contacter<strong>&nbsp;<a href=\"https:\/\/golem.ai\/en\/contact\/\">nos \u00e9quipes<\/a><\/strong>&nbsp;si vous avez la moindre question, elles se feront un plaisir de vous r\u00e9pondre !<\/p>\n\n\n\n<p style=\"font-size:10px\"><a href=\"http:\/\/*https:\/\/www.ifop.com\/publication\/notoriete-et-image-de-lintelligence-artificielle-aupres-des-francais-et-des-salaries-vague-3\/\" target=\"_blank\" rel=\"noreferrer noopener\">*https:\/\/www.ifop.com\/publication\/notoriete-et-image-de-lintelligence-artificielle-aupres-des-francais-et-des-salaries-vague-3\/<\/a><\/p>\n<!-- AddThis Advanced Settings generic via filter on the_content --><!-- AddThis Share Buttons generic via filter on the_content -->","protected":false},"excerpt":{"rendered":"<p>Disruption technologique, acc\u00e9l\u00e9ration num\u00e9rique, impacts \u00e9conomiques\u2026 D\u00e9couvrez les impacts de l\u2019intelligence artificielle dans ce nouveau podcast avec Thomas Solignac.<!-- AddThis Advanced Settings generic via filter on get_the_excerpt --><!-- AddThis Share Buttons generic via filter on get_the_excerpt --><\/p>","protected":false},"author":3,"featured_media":9623,"comment_status":"closed","ping_status":"open","sticky":false,"template":"","format":"standard","meta":{"_acf_changed":false,"content-type":"","footnotes":""},"categories":[68],"tags":[77,76,75,78],"class_list":["post-9622","post","type-post","status-publish","format-standard","has-post-thumbnail","hentry","category-blog","tag-ai","tag-ia","tag-intelligence-artificielle","tag-travail"],"acf":[],"yoast_head":"<!-- This site is optimized with the Yoast SEO plugin v27.5 - https:\/\/yoast.com\/product\/yoast-seo-wordpress\/ -->\n<title>L\u2019intelligence artificielle et ses cons\u00e9quences sur le travail<\/title>\n<meta name=\"description\" content=\"L\u2019intelligence artificielle transforme profond\u00e9ment notre mani\u00e8re de travailler. Mais quels en sont les b\u00e9n\u00e9fices au quotidien ?\" \/>\n<meta name=\"robots\" content=\"index, follow, max-snippet:-1, max-image-preview:large, max-video-preview:-1\" \/>\n<link rel=\"canonical\" href=\"https:\/\/miralia.ai\/en\/blog\/intelligence-artificielle-travail-impacts\/\" \/>\n<meta property=\"og:locale\" content=\"en_US\" \/>\n<meta property=\"og:type\" content=\"article\" \/>\n<meta property=\"og:title\" content=\"Intelligence artificielle, quels impacts au travail ?\" \/>\n<meta property=\"og:description\" content=\"Disruption technologique, acc\u00e9l\u00e9ration num\u00e9rique, impacts \u00e9conomiques\u2026 D\u00e9couvrez les impacts de l\u2019intelligence artificielle dans ce nouveau podcast avec Thomas Solignac.\" \/>\n<meta property=\"og:url\" content=\"https:\/\/miralia.ai\/en\/blog\/intelligence-artificielle-travail-impacts\/\" \/>\n<meta property=\"og:site_name\" content=\"Miralia.ai\" \/>\n<meta property=\"article:published_time\" content=\"2021-11-18T09:51:17+00:00\" \/>\n<meta property=\"article:modified_time\" content=\"2022-04-22T09:33:02+00:00\" \/>\n<meta property=\"og:image\" content=\"https:\/\/golem-ai-website-wordpress-prod.s3.fr-par.scw.cloud\/wp-content\/uploads\/2021\/11\/18105019\/Bonjour-PPC-RS.png\" \/>\n\t<meta property=\"og:image:type\" content=\"image\/png\" \/>\n<meta name=\"author\" content=\"Thomas Leduc\" \/>\n<meta name=\"twitter:card\" content=\"summary_large_image\" \/>\n<meta name=\"twitter:creator\" content=\"@miralia_ai\" \/>\n<meta name=\"twitter:site\" content=\"@miralia_ai\" \/>\n<script type=\"application\/ld+json\" class=\"yoast-schema-graph\">{\"@context\":\"https:\\\/\\\/schema.org\",\"@graph\":[{\"@type\":\"Article\",\"@id\":\"https:\\\/\\\/miralia.ai\\\/blog\\\/entreprise\\\/intelligence-artificielle-travail-impacts#article\",\"isPartOf\":{\"@id\":\"https:\\\/\\\/miralia.ai\\\/blog\\\/entreprise\\\/intelligence-artificielle-travail-impacts\"},\"author\":{\"name\":\"Thomas Leduc\",\"@id\":\"https:\\\/\\\/miralia.ai\\\/fr\\\/#\\\/schema\\\/person\\\/a25711a1713dceec302b048e7a97f063\"},\"headline\":\"Intelligence artificielle, quels impacts au travail ?\",\"datePublished\":\"2021-11-18T09:51:17+00:00\",\"dateModified\":\"2022-04-22T09:33:02+00:00\",\"mainEntityOfPage\":{\"@id\":\"https:\\\/\\\/miralia.ai\\\/blog\\\/entreprise\\\/intelligence-artificielle-travail-impacts\"},\"wordCount\":471,\"publisher\":{\"@id\":\"https:\\\/\\\/miralia.ai\\\/fr\\\/#organization\"},\"image\":{\"@id\":\"https:\\\/\\\/miralia.ai\\\/blog\\\/entreprise\\\/intelligence-artificielle-travail-impacts#primaryimage\"},\"thumbnailUrl\":\"https:\\\/\\\/golem-ai-website-wordpress-prod.s3.fr-par.scw.cloud\\\/wp-content\\\/uploads\\\/2021\\\/11\\\/18104950\\\/Bonjour-PPC-petite-banniere.png\",\"keywords\":[\"AI\",\"IA\",\"intelligence artificielle\",\"Travail\"],\"articleSection\":[\"Blog\"],\"inLanguage\":\"en-US\"},{\"@type\":\"WebPage\",\"@id\":\"https:\\\/\\\/miralia.ai\\\/blog\\\/entreprise\\\/intelligence-artificielle-travail-impacts\",\"url\":\"https:\\\/\\\/miralia.ai\\\/blog\\\/entreprise\\\/intelligence-artificielle-travail-impacts\",\"name\":\"L\u2019intelligence artificielle et ses cons\u00e9quences sur le travail\",\"isPartOf\":{\"@id\":\"https:\\\/\\\/miralia.ai\\\/fr\\\/#website\"},\"primaryImageOfPage\":{\"@id\":\"https:\\\/\\\/miralia.ai\\\/blog\\\/entreprise\\\/intelligence-artificielle-travail-impacts#primaryimage\"},\"image\":{\"@id\":\"https:\\\/\\\/miralia.ai\\\/blog\\\/entreprise\\\/intelligence-artificielle-travail-impacts#primaryimage\"},\"thumbnailUrl\":\"https:\\\/\\\/golem-ai-website-wordpress-prod.s3.fr-par.scw.cloud\\\/wp-content\\\/uploads\\\/2021\\\/11\\\/18104950\\\/Bonjour-PPC-petite-banniere.png\",\"datePublished\":\"2021-11-18T09:51:17+00:00\",\"dateModified\":\"2022-04-22T09:33:02+00:00\",\"description\":\"L\u2019intelligence artificielle transforme profond\u00e9ment notre mani\u00e8re de travailler. Mais quels en sont les b\u00e9n\u00e9fices au quotidien ?\",\"inLanguage\":\"en-US\",\"potentialAction\":[{\"@type\":\"ReadAction\",\"target\":[\"https:\\\/\\\/miralia.ai\\\/blog\\\/entreprise\\\/intelligence-artificielle-travail-impacts\"]}]},{\"@type\":\"ImageObject\",\"inLanguage\":\"en-US\",\"@id\":\"https:\\\/\\\/miralia.ai\\\/blog\\\/entreprise\\\/intelligence-artificielle-travail-impacts#primaryimage\",\"url\":\"https:\\\/\\\/golem-ai-website-wordpress-prod.s3.fr-par.scw.cloud\\\/wp-content\\\/uploads\\\/2021\\\/11\\\/18105019\\\/Bonjour-PPC-RS.png\",\"contentUrl\":\"https:\\\/\\\/golem-ai-website-wordpress-prod.s3.fr-par.scw.cloud\\\/wp-content\\\/uploads\\\/2021\\\/11\\\/18105019\\\/Bonjour-PPC-RS.png\",\"width\":\"\",\"height\":\"\"},{\"@type\":\"WebSite\",\"@id\":\"https:\\\/\\\/miralia.ai\\\/fr\\\/#website\",\"url\":\"https:\\\/\\\/miralia.ai\\\/fr\\\/\",\"name\":\"Miralia.ai\",\"description\":\"\",\"publisher\":{\"@id\":\"https:\\\/\\\/miralia.ai\\\/fr\\\/#organization\"},\"potentialAction\":[{\"@type\":\"SearchAction\",\"target\":{\"@type\":\"EntryPoint\",\"urlTemplate\":\"https:\\\/\\\/miralia.ai\\\/fr\\\/?s={search_term_string}\"},\"query-input\":{\"@type\":\"PropertyValueSpecification\",\"valueRequired\":true,\"valueName\":\"search_term_string\"}}],\"inLanguage\":\"en-US\"},{\"@type\":\"Organization\",\"@id\":\"https:\\\/\\\/miralia.ai\\\/fr\\\/#organization\",\"name\":\"Miralia\",\"url\":\"https:\\\/\\\/miralia.ai\\\/fr\\\/\",\"logo\":{\"@type\":\"ImageObject\",\"inLanguage\":\"en-US\",\"@id\":\"https:\\\/\\\/miralia.ai\\\/fr\\\/#\\\/schema\\\/logo\\\/image\\\/\",\"url\":\"https:\\\/\\\/golem-ai-website-wordpress-prod.s3.fr-par.scw.cloud\\\/wp-content\\\/uploads\\\/2026\\\/01\\\/07142128\\\/Logo-Miralia.png\",\"contentUrl\":\"https:\\\/\\\/golem-ai-website-wordpress-prod.s3.fr-par.scw.cloud\\\/wp-content\\\/uploads\\\/2026\\\/01\\\/07142128\\\/Logo-Miralia.png\",\"width\":1061,\"height\":211,\"caption\":\"Miralia\"},\"image\":{\"@id\":\"https:\\\/\\\/miralia.ai\\\/fr\\\/#\\\/schema\\\/logo\\\/image\\\/\"},\"sameAs\":[\"https:\\\/\\\/x.com\\\/miralia_ai\",\"https:\\\/\\\/www.linkedin.com\\\/company\\\/miralia\\\/\"]},{\"@type\":\"Person\",\"@id\":\"https:\\\/\\\/miralia.ai\\\/fr\\\/#\\\/schema\\\/person\\\/a25711a1713dceec302b048e7a97f063\",\"name\":\"Thomas Leduc\",\"image\":{\"@type\":\"ImageObject\",\"inLanguage\":\"en-US\",\"@id\":\"https:\\\/\\\/golem-ai-website-wordpress-prod.s3.fr-par.scw.cloud\\\/wp-content\\\/uploads\\\/2021\\\/10\\\/06140903\\\/photo-thomas-leduc-150x150.png\",\"url\":\"https:\\\/\\\/golem-ai-website-wordpress-prod.s3.fr-par.scw.cloud\\\/wp-content\\\/uploads\\\/2021\\\/10\\\/06140903\\\/photo-thomas-leduc-150x150.png\",\"contentUrl\":\"https:\\\/\\\/golem-ai-website-wordpress-prod.s3.fr-par.scw.cloud\\\/wp-content\\\/uploads\\\/2021\\\/10\\\/06140903\\\/photo-thomas-leduc-150x150.png\",\"caption\":\"Thomas Leduc\"},\"url\":\"https:\\\/\\\/miralia.ai\\\/en\\\/auteur\\\/thomasl\"}]}<\/script>\n<!-- \/ Yoast SEO plugin. -->","yoast_head_json":{"title":"L\u2019intelligence artificielle et ses cons\u00e9quences sur le travail","description":"L\u2019intelligence artificielle transforme profond\u00e9ment notre mani\u00e8re de travailler. Mais quels en sont les b\u00e9n\u00e9fices au quotidien ?","robots":{"index":"index","follow":"follow","max-snippet":"max-snippet:-1","max-image-preview":"max-image-preview:large","max-video-preview":"max-video-preview:-1"},"canonical":"https:\/\/miralia.ai\/en\/blog\/intelligence-artificielle-travail-impacts\/","og_locale":"en_US","og_type":"article","og_title":"Intelligence artificielle, quels impacts au travail ?","og_description":"Disruption technologique, acc\u00e9l\u00e9ration num\u00e9rique, impacts \u00e9conomiques\u2026 D\u00e9couvrez les impacts de l\u2019intelligence artificielle dans ce nouveau podcast avec Thomas Solignac.","og_url":"https:\/\/miralia.ai\/en\/blog\/intelligence-artificielle-travail-impacts\/","og_site_name":"Miralia.ai","article_published_time":"2021-11-18T09:51:17+00:00","article_modified_time":"2022-04-22T09:33:02+00:00","og_image":[{"url":"https:\/\/golem-ai-website-wordpress-prod.s3.fr-par.scw.cloud\/wp-content\/uploads\/2021\/11\/18105019\/Bonjour-PPC-RS.png","width":"","height":"","type":"image\/png"}],"author":"Thomas Leduc","twitter_card":"summary_large_image","twitter_creator":"@miralia_ai","twitter_site":"@miralia_ai","schema":{"@context":"https:\/\/schema.org","@graph":[{"@type":"Article","@id":"https:\/\/miralia.ai\/blog\/entreprise\/intelligence-artificielle-travail-impacts#article","isPartOf":{"@id":"https:\/\/miralia.ai\/blog\/entreprise\/intelligence-artificielle-travail-impacts"},"author":{"name":"Thomas Leduc","@id":"https:\/\/miralia.ai\/fr\/#\/schema\/person\/a25711a1713dceec302b048e7a97f063"},"headline":"Intelligence artificielle, quels impacts au travail ?","datePublished":"2021-11-18T09:51:17+00:00","dateModified":"2022-04-22T09:33:02+00:00","mainEntityOfPage":{"@id":"https:\/\/miralia.ai\/blog\/entreprise\/intelligence-artificielle-travail-impacts"},"wordCount":471,"publisher":{"@id":"https:\/\/miralia.ai\/fr\/#organization"},"image":{"@id":"https:\/\/miralia.ai\/blog\/entreprise\/intelligence-artificielle-travail-impacts#primaryimage"},"thumbnailUrl":"https:\/\/golem-ai-website-wordpress-prod.s3.fr-par.scw.cloud\/wp-content\/uploads\/2021\/11\/18104950\/Bonjour-PPC-petite-banniere.png","keywords":["AI","IA","intelligence artificielle","Travail"],"articleSection":["Blog"],"inLanguage":"en-US"},{"@type":"WebPage","@id":"https:\/\/miralia.ai\/blog\/entreprise\/intelligence-artificielle-travail-impacts","url":"https:\/\/miralia.ai\/blog\/entreprise\/intelligence-artificielle-travail-impacts","name":"L\u2019intelligence artificielle et ses cons\u00e9quences sur le travail","isPartOf":{"@id":"https:\/\/miralia.ai\/fr\/#website"},"primaryImageOfPage":{"@id":"https:\/\/miralia.ai\/blog\/entreprise\/intelligence-artificielle-travail-impacts#primaryimage"},"image":{"@id":"https:\/\/miralia.ai\/blog\/entreprise\/intelligence-artificielle-travail-impacts#primaryimage"},"thumbnailUrl":"https:\/\/golem-ai-website-wordpress-prod.s3.fr-par.scw.cloud\/wp-content\/uploads\/2021\/11\/18104950\/Bonjour-PPC-petite-banniere.png","datePublished":"2021-11-18T09:51:17+00:00","dateModified":"2022-04-22T09:33:02+00:00","description":"L\u2019intelligence artificielle transforme profond\u00e9ment notre mani\u00e8re de travailler. Mais quels en sont les b\u00e9n\u00e9fices au quotidien ?","inLanguage":"en-US","potentialAction":[{"@type":"ReadAction","target":["https:\/\/miralia.ai\/blog\/entreprise\/intelligence-artificielle-travail-impacts"]}]},{"@type":"ImageObject","inLanguage":"en-US","@id":"https:\/\/miralia.ai\/blog\/entreprise\/intelligence-artificielle-travail-impacts#primaryimage","url":"https:\/\/golem-ai-website-wordpress-prod.s3.fr-par.scw.cloud\/wp-content\/uploads\/2021\/11\/18105019\/Bonjour-PPC-RS.png","contentUrl":"https:\/\/golem-ai-website-wordpress-prod.s3.fr-par.scw.cloud\/wp-content\/uploads\/2021\/11\/18105019\/Bonjour-PPC-RS.png","width":"","height":""},{"@type":"WebSite","@id":"https:\/\/miralia.ai\/fr\/#website","url":"https:\/\/miralia.ai\/fr\/","name":"Miralia.ai","description":"","publisher":{"@id":"https:\/\/miralia.ai\/fr\/#organization"},"potentialAction":[{"@type":"SearchAction","target":{"@type":"EntryPoint","urlTemplate":"https:\/\/miralia.ai\/fr\/?s={search_term_string}"},"query-input":{"@type":"PropertyValueSpecification","valueRequired":true,"valueName":"search_term_string"}}],"inLanguage":"en-US"},{"@type":"Organization","@id":"https:\/\/miralia.ai\/fr\/#organization","name":"Miralia","url":"https:\/\/miralia.ai\/fr\/","logo":{"@type":"ImageObject","inLanguage":"en-US","@id":"https:\/\/miralia.ai\/fr\/#\/schema\/logo\/image\/","url":"https:\/\/golem-ai-website-wordpress-prod.s3.fr-par.scw.cloud\/wp-content\/uploads\/2026\/01\/07142128\/Logo-Miralia.png","contentUrl":"https:\/\/golem-ai-website-wordpress-prod.s3.fr-par.scw.cloud\/wp-content\/uploads\/2026\/01\/07142128\/Logo-Miralia.png","width":1061,"height":211,"caption":"Miralia"},"image":{"@id":"https:\/\/miralia.ai\/fr\/#\/schema\/logo\/image\/"},"sameAs":["https:\/\/x.com\/miralia_ai","https:\/\/www.linkedin.com\/company\/miralia\/"]},{"@type":"Person","@id":"https:\/\/miralia.ai\/fr\/#\/schema\/person\/a25711a1713dceec302b048e7a97f063","name":"Thomas Leduc","image":{"@type":"ImageObject","inLanguage":"en-US","@id":"https:\/\/golem-ai-website-wordpress-prod.s3.fr-par.scw.cloud\/wp-content\/uploads\/2021\/10\/06140903\/photo-thomas-leduc-150x150.png","url":"https:\/\/golem-ai-website-wordpress-prod.s3.fr-par.scw.cloud\/wp-content\/uploads\/2021\/10\/06140903\/photo-thomas-leduc-150x150.png","contentUrl":"https:\/\/golem-ai-website-wordpress-prod.s3.fr-par.scw.cloud\/wp-content\/uploads\/2021\/10\/06140903\/photo-thomas-leduc-150x150.png","caption":"Thomas Leduc"},"url":"https:\/\/miralia.ai\/en\/auteur\/thomasl"}]}},"_links":{"self":[{"href":"https:\/\/miralia.ai\/en\/wp-json\/wp\/v2\/posts\/9622","targetHints":{"allow":["GET"]}}],"collection":[{"href":"https:\/\/miralia.ai\/en\/wp-json\/wp\/v2\/posts"}],"about":[{"href":"https:\/\/miralia.ai\/en\/wp-json\/wp\/v2\/types\/post"}],"author":[{"embeddable":true,"href":"https:\/\/miralia.ai\/en\/wp-json\/wp\/v2\/users\/3"}],"replies":[{"embeddable":true,"href":"https:\/\/miralia.ai\/en\/wp-json\/wp\/v2\/comments?post=9622"}],"version-history":[{"count":5,"href":"https:\/\/miralia.ai\/en\/wp-json\/wp\/v2\/posts\/9622\/revisions"}],"predecessor-version":[{"id":12295,"href":"https:\/\/miralia.ai\/en\/wp-json\/wp\/v2\/posts\/9622\/revisions\/12295"}],"wp:featuredmedia":[{"embeddable":true,"href":"https:\/\/miralia.ai\/en\/wp-json\/wp\/v2\/media\/9623"}],"wp:attachment":[{"href":"https:\/\/miralia.ai\/en\/wp-json\/wp\/v2\/media?parent=9622"}],"wp:term":[{"taxonomy":"category","embeddable":true,"href":"https:\/\/miralia.ai\/en\/wp-json\/wp\/v2\/categories?post=9622"},{"taxonomy":"post_tag","embeddable":true,"href":"https:\/\/miralia.ai\/en\/wp-json\/wp\/v2\/tags?post=9622"}],"curies":[{"name":"wp","href":"https:\/\/api.w.org\/{rel}","templated":true}]}}