{"id":8692,"date":"2021-09-20T08:47:00","date_gmt":"2021-09-20T06:47:00","guid":{"rendered":"https:\/\/golem.ai\/?p=8692"},"modified":"2022-07-26T15:36:56","modified_gmt":"2022-07-26T13:36:56","slug":"ia-travail-magazine-management","status":"publish","type":"post","link":"https:\/\/miralia.ai\/en\/blog\/ia-travail-magazine-management","title":{"rendered":"Mon collaborateur est une machine"},"content":{"rendered":"<h3 class=\"wp-block-heading\">The&nbsp;<a href=\"https:\/\/www.linkedin.com\/company\/magazine-management\/\">magazine Management<\/a>&nbsp;vient de faire para\u00eetre, dans son num\u00e9ro 297, dat\u00e9 septembre 2021, un dossier sp\u00e9cial de 48 pages consacr\u00e9 au \u00ab\u00a0Travail de demain\u201d. Et c\u2019est tout naturellement que l\u2019une des journalistes, Laura Makary, s\u2019est tourn\u00e9e vers Thomas Solignac, CEO et co-fondateur de Golem.ai pour recueillir sa vision sur&nbsp;l&rsquo;\u00e9volution du travail. Une vision qu\u2019il avait, aussi, partag\u00e9e en mars dernier, \u00e0 l&rsquo;occasion d\u2019un&nbsp;<a href=\"https:\/\/golem.ai\/fr\/blog\/entreprise\/IA-travail-tedx\">TEDx<\/a>&nbsp;Universit\u00e9 de Paris Dauphine.<\/h3>\n\n\n\n<h2 class=\"wp-block-heading\">Homme-machine, le nouveau partage des t\u00e2ches<\/h2>\n\n\n\n<p>La question centrale du projet r\u00e9dactionnel de Laura Makary \u201c<strong>Homme-machine, le nouveau partage des t\u00e2ches<\/strong>\u201d aborde la relation entre les hommes et la machine (comprendre ici : les robots, l\u2019intelligence artificielle etc.). Elle revisite, ainsi, les relations entre coll\u00e8gues, manager-manag\u00e9, en y ins\u00e9rant la variable \u00ab\u00a0machines\u201d; son postulat restant : que c\u2019est&nbsp;<strong>aux humains de d\u00e9cider<\/strong>&nbsp;quelle place nous voulons donner \u00e0 ces innovations.<\/p>\n\n\n\n<figure class=\"wp-block-image aligncenter size-full is-resized\"><a href=\"https:\/\/golem.ai\/fr\/ressources\/\"><img fetchpriority=\"high\" decoding=\"async\" src=\"https:\/\/golem-ai-website-wordpress-prod.s3.fr-par.scw.cloud\/wp-content\/uploads\/2022\/03\/26173514\/Contenus.png\" alt=\"\" class=\"wp-image-12234\" width=\"480\" height=\"270\" srcset=\"https:\/\/golem-ai-website-wordpress-prod.s3.fr-par.scw.cloud\/wp-content\/uploads\/2022\/03\/26173514\/Contenus-300x169.png 300w, https:\/\/golem-ai-website-wordpress-prod.s3.fr-par.scw.cloud\/wp-content\/uploads\/2022\/03\/26173514\/Contenus-768x432.png 768w, https:\/\/golem-ai-website-wordpress-prod.s3.fr-par.scw.cloud\/wp-content\/uploads\/2022\/03\/26173514\/Contenus-18x10.png 18w, https:\/\/golem-ai-website-wordpress-prod.s3.fr-par.scw.cloud\/wp-content\/uploads\/2022\/03\/26173514\/Contenus.png 960w\" sizes=\"(max-width: 480px) 100vw, 480px\" \/><\/a><\/figure>\n\n\n\n<p>Une position que ne d\u00e9nie pas Thomas Solignac, qui nous offre une vision pragmatique, dans laquelle&nbsp;<strong>l\u2019Intelligence Artificielle<\/strong>&nbsp;(une&nbsp;<strong><a href=\"https:\/\/golem.ai\/fr\/blog\/entreprise\/interview-bsmart-IA-symbolique\">IA symbolique<\/a><\/strong>&nbsp;en l&rsquo;occurrence)&nbsp;<strong>est actionnable<\/strong>&nbsp;et trouve des applications concr\u00e8tes au service des m\u00e9tiers. Il avait d\u2019ailleurs d\u00e9j\u00e0 expliqu\u00e9, dans une tribune en mai 2021, comment \u201cen nous lib\u00e9rant de nos process, l&rsquo;IA peut permettre au travail d&rsquo;entrer dans une nouvelle \u00e9poque\u201d autrement dit comment&nbsp;<strong>l\u2019IA sauvera le travail.<\/strong>&nbsp;Les exemples ou cas d\u2019usages sont nombreux, ils touchent \u00e0&nbsp;<strong><a href=\"https:\/\/golem.ai\/fr\/blog\/entreprise\/IA-relation-client-chatbot\">customer relations<\/a><\/strong>,&nbsp;<strong><a href=\"https:\/\/golem.ai\/fr\/blog\/entreprise\/certification-conformite-analyse-ia\">la certification et la conformit\u00e9<\/a><\/strong>, l\u2019IA se distingue ainsi dans sa capacit\u00e9 \u00e0 structurer et \u00e0&nbsp;<strong>synth\u00e9tiser des informations<\/strong>&nbsp;contenues dans des documents en fonction de crit\u00e8res d\u2019\u00e9valuation pr\u00e9d\u00e9finis.<\/p>\n\n\n\n<blockquote class=\"twitter-tweet\"><p dir=\"ltr\" lang=\"fr\">\ud83d\udce2 Le nouveau Management vient de sortir !<br><br>\ud83d\udc4aSe pr\u00e9parer aujourd&rsquo;hui au travail de demain<br>\u2753 Peut-on vous obliger \u00e0 venir au bureau ? <br>\ud83e\udd16 IA, g\u00e9n\u00e9tique&#8230; Quelle place pour l&rsquo;humain ? <br><br>Abonnez-vous pour recevoir votre magazine \ud83d\udc47<br> <a href=\"https:\/\/t.co\/gfGpSn6rko\">https:\/\/t.co\/gfGpSn6rko<\/a> <a href=\"https:\/\/t.co\/J30AnnPNHI\">pic.twitter.com\/J30AnnPNHI<\/a><\/p>\u2014 MANAGEMENT Magazine (@ManagementMag) <a href=\"https:\/\/twitter.com\/ManagementMag\/status\/1431198613544255489?ref_src=twsrc%5Etfw\">August 27, 2021<\/a><\/blockquote> <script async=\"\" src=\"https:\/\/platform.twitter.com\/widgets.js\" charset=\"utf-8\"><\/script>\n\n\n\n<p>L\u2019exemple utilis\u00e9 ici est d\u2019ailleurs d\u00e9velopp\u00e9 dans le t\u00e9moignage d\u2019ENGIE Entreprises &amp; Collectivit\u00e9s que vous pouvez d\u00e9couvrir au travers de l\u2019article de blog \u201c<strong><a href=\"https:\/\/golem.ai\/fr\/blog\/entreprise\/engie-appel-offre-interview\">Comment l\u2019intelligence artificielle analyse les appels d\u2019offres ?<\/a><\/strong>\u201d&nbsp;<\/p>\n\n\n\n<p>Dans ce num\u00e9ro de Management, Thomas Solignac illustre son propos : \u00ab\u00a0Nous traitons les documents et&nbsp;<strong><a href=\"https:\/\/golem.ai\/fr\/blog\/entreprise\/IA-analyse-pieces-jointes\">les e-mails<\/a><\/strong>. Il s&rsquo;agit de la source d&rsquo;information la plus massive dans les entreprises aujourd&rsquo;hui. Notre intelligence artificielle&nbsp;<strong>automatise la lecture des textes<\/strong>. Par exemple, vous recevez un appel d&rsquo;offres de 1000 pages : notre IA va extraire les infos cl\u00e9s, pour&nbsp;<strong>d\u00e9clencher des d\u00e9cisions business<\/strong>&nbsp;imm\u00e9diates. Ainsi, le salari\u00e9 va passer 75% moins de temps sur ces documents\u00a0\u00bb.<\/p>\n\n\n\n<p>Vous voulez en savoir plus sur l\u2019exploitation des donn\u00e9es par notre intelligence artificielle ? Pour plus d\u2019informations, consultez nos pages solutions <strong><a href=\"https:\/\/golem.ai\/fr\/solutions\/relation-client\/\">customer relationships<\/a>,&nbsp;<a href=\"https:\/\/golem.ai\/fr\/solutions\/gestion-appels-offres\/\">appels d\u2019offres<\/a><\/strong>&nbsp;or<strong>&nbsp;<a href=\"https:\/\/golem.ai\/fr\/solutions\/conformite\/\">compliance<\/a><\/strong>. N\u2019h\u00e9sitez pas \u00e0 contacter<strong>&nbsp;<a href=\"https:\/\/golem.ai\/en\/contact\/\">nos \u00e9quipes<\/a><\/strong>&nbsp;si vous avez la moindre question, elles se feront un plaisir de vous r\u00e9pondre !<\/p>\n<!-- AddThis Advanced Settings generic via filter on the_content --><!-- AddThis Share Buttons generic via filter on the_content -->","protected":false},"excerpt":{"rendered":"<p>L&rsquo;intelligence artificielle modifie profond\u00e9ment la nature du travail, mais dans quelle mesure et pour quelles applications ?<!-- AddThis Advanced Settings generic via filter on get_the_excerpt --><!-- AddThis Share Buttons generic via filter on get_the_excerpt --><\/p>","protected":false},"author":8,"featured_media":8717,"comment_status":"closed","ping_status":"open","sticky":false,"template":"","format":"standard","meta":{"_acf_changed":false,"content-type":"","footnotes":""},"categories":[68],"tags":[],"class_list":["post-8692","post","type-post","status-publish","format-standard","has-post-thumbnail","hentry","category-blog"],"acf":[],"yoast_head":"<!-- This site is optimized with the Yoast SEO plugin v27.5 - https:\/\/yoast.com\/product\/yoast-seo-wordpress\/ -->\n<title>Les impacts de l&#039;intelligence artificielle sur le travail<\/title>\n<meta name=\"description\" content=\"L&#039;analyse de documents et de messages par l&#039;IA change profond\u00e9ment le travail. Mais dans quelle mesure ?\" \/>\n<meta name=\"robots\" content=\"index, follow, max-snippet:-1, max-image-preview:large, max-video-preview:-1\" \/>\n<link rel=\"canonical\" href=\"https:\/\/miralia.ai\/en\/blog\/ia-travail-magazine-management\/\" \/>\n<meta property=\"og:locale\" content=\"en_US\" \/>\n<meta property=\"og:type\" content=\"article\" \/>\n<meta property=\"og:title\" content=\"Mon collaborateur est une machine\" \/>\n<meta property=\"og:description\" content=\"L&#039;intelligence artificielle modifie profond\u00e9ment la nature du travail, mais dans quelle mesure et pour quelles applications ?\" \/>\n<meta property=\"og:url\" content=\"https:\/\/miralia.ai\/en\/blog\/ia-travail-magazine-management\/\" \/>\n<meta property=\"og:site_name\" content=\"Miralia.ai\" \/>\n<meta property=\"article:published_time\" content=\"2021-09-20T06:47:00+00:00\" \/>\n<meta property=\"article:modified_time\" content=\"2022-07-26T13:36:56+00:00\" \/>\n<meta property=\"og:image\" content=\"https:\/\/golem-ai-website-wordpress-prod.s3.fr-par.scw.cloud\/wp-content\/uploads\/2021\/09\/28220549\/Visuel-post-RS-1600x900-5.png\" \/>\n\t<meta property=\"og:image:type\" content=\"image\/png\" \/>\n<meta name=\"author\" content=\"Jean-Denis Garo\" \/>\n<meta name=\"twitter:card\" content=\"summary_large_image\" \/>\n<meta name=\"twitter:image\" content=\"https:\/\/golem-ai-website-wordpress-prod.s3.fr-par.scw.cloud\/wp-content\/uploads\/2022\/07\/26153617\/Visuel-post-RS-1600x900-1.png\" \/>\n<meta name=\"twitter:creator\" content=\"@miralia_ai\" \/>\n<meta name=\"twitter:site\" content=\"@miralia_ai\" \/>\n<script type=\"application\/ld+json\" class=\"yoast-schema-graph\">{\"@context\":\"https:\\\/\\\/schema.org\",\"@graph\":[{\"@type\":\"Article\",\"@id\":\"https:\\\/\\\/miralia.ai\\\/blog\\\/entreprise\\\/ia-travail-magazine-management#article\",\"isPartOf\":{\"@id\":\"https:\\\/\\\/miralia.ai\\\/blog\\\/entreprise\\\/ia-travail-magazine-management\"},\"author\":{\"name\":\"Jean-Denis Garo\",\"@id\":\"https:\\\/\\\/miralia.ai\\\/fr\\\/#\\\/schema\\\/person\\\/deba4a295ccb0b555672fccf6f0dca2e\"},\"headline\":\"Mon collaborateur est une machine\",\"datePublished\":\"2021-09-20T06:47:00+00:00\",\"dateModified\":\"2022-07-26T13:36:56+00:00\",\"mainEntityOfPage\":{\"@id\":\"https:\\\/\\\/miralia.ai\\\/blog\\\/entreprise\\\/ia-travail-magazine-management\"},\"wordCount\":534,\"publisher\":{\"@id\":\"https:\\\/\\\/miralia.ai\\\/fr\\\/#organization\"},\"image\":{\"@id\":\"https:\\\/\\\/miralia.ai\\\/blog\\\/entreprise\\\/ia-travail-magazine-management#primaryimage\"},\"thumbnailUrl\":\"https:\\\/\\\/golem-ai-website-wordpress-prod.s3.fr-par.scw.cloud\\\/wp-content\\\/uploads\\\/2021\\\/09\\\/28221402\\\/Visuel-preview-article-de-blog-570x200-4.png\",\"articleSection\":[\"Blog\"],\"inLanguage\":\"en-US\"},{\"@type\":\"WebPage\",\"@id\":\"https:\\\/\\\/miralia.ai\\\/blog\\\/entreprise\\\/ia-travail-magazine-management\",\"url\":\"https:\\\/\\\/miralia.ai\\\/blog\\\/entreprise\\\/ia-travail-magazine-management\",\"name\":\"Les impacts de l'intelligence artificielle sur le travail\",\"isPartOf\":{\"@id\":\"https:\\\/\\\/miralia.ai\\\/fr\\\/#website\"},\"primaryImageOfPage\":{\"@id\":\"https:\\\/\\\/miralia.ai\\\/blog\\\/entreprise\\\/ia-travail-magazine-management#primaryimage\"},\"image\":{\"@id\":\"https:\\\/\\\/miralia.ai\\\/blog\\\/entreprise\\\/ia-travail-magazine-management#primaryimage\"},\"thumbnailUrl\":\"https:\\\/\\\/golem-ai-website-wordpress-prod.s3.fr-par.scw.cloud\\\/wp-content\\\/uploads\\\/2021\\\/09\\\/28221402\\\/Visuel-preview-article-de-blog-570x200-4.png\",\"datePublished\":\"2021-09-20T06:47:00+00:00\",\"dateModified\":\"2022-07-26T13:36:56+00:00\",\"description\":\"L'analyse de documents et de messages par l'IA change profond\u00e9ment le travail. Mais dans quelle mesure ?\",\"inLanguage\":\"en-US\",\"potentialAction\":[{\"@type\":\"ReadAction\",\"target\":[\"https:\\\/\\\/miralia.ai\\\/blog\\\/entreprise\\\/ia-travail-magazine-management\"]}]},{\"@type\":\"ImageObject\",\"inLanguage\":\"en-US\",\"@id\":\"https:\\\/\\\/miralia.ai\\\/blog\\\/entreprise\\\/ia-travail-magazine-management#primaryimage\",\"url\":\"https:\\\/\\\/golem-ai-website-wordpress-prod.s3.fr-par.scw.cloud\\\/wp-content\\\/uploads\\\/2021\\\/09\\\/28220549\\\/Visuel-post-RS-1600x900-5.png\",\"contentUrl\":\"https:\\\/\\\/golem-ai-website-wordpress-prod.s3.fr-par.scw.cloud\\\/wp-content\\\/uploads\\\/2021\\\/09\\\/28220549\\\/Visuel-post-RS-1600x900-5.png\",\"width\":\"\",\"height\":\"\"},{\"@type\":\"WebSite\",\"@id\":\"https:\\\/\\\/miralia.ai\\\/fr\\\/#website\",\"url\":\"https:\\\/\\\/miralia.ai\\\/fr\\\/\",\"name\":\"Miralia.ai\",\"description\":\"\",\"publisher\":{\"@id\":\"https:\\\/\\\/miralia.ai\\\/fr\\\/#organization\"},\"potentialAction\":[{\"@type\":\"SearchAction\",\"target\":{\"@type\":\"EntryPoint\",\"urlTemplate\":\"https:\\\/\\\/miralia.ai\\\/fr\\\/?s={search_term_string}\"},\"query-input\":{\"@type\":\"PropertyValueSpecification\",\"valueRequired\":true,\"valueName\":\"search_term_string\"}}],\"inLanguage\":\"en-US\"},{\"@type\":\"Organization\",\"@id\":\"https:\\\/\\\/miralia.ai\\\/fr\\\/#organization\",\"name\":\"Miralia\",\"url\":\"https:\\\/\\\/miralia.ai\\\/fr\\\/\",\"logo\":{\"@type\":\"ImageObject\",\"inLanguage\":\"en-US\",\"@id\":\"https:\\\/\\\/miralia.ai\\\/fr\\\/#\\\/schema\\\/logo\\\/image\\\/\",\"url\":\"https:\\\/\\\/golem-ai-website-wordpress-prod.s3.fr-par.scw.cloud\\\/wp-content\\\/uploads\\\/2026\\\/01\\\/07142128\\\/Logo-Miralia.png\",\"contentUrl\":\"https:\\\/\\\/golem-ai-website-wordpress-prod.s3.fr-par.scw.cloud\\\/wp-content\\\/uploads\\\/2026\\\/01\\\/07142128\\\/Logo-Miralia.png\",\"width\":1061,\"height\":211,\"caption\":\"Miralia\"},\"image\":{\"@id\":\"https:\\\/\\\/miralia.ai\\\/fr\\\/#\\\/schema\\\/logo\\\/image\\\/\"},\"sameAs\":[\"https:\\\/\\\/x.com\\\/miralia_ai\",\"https:\\\/\\\/www.linkedin.com\\\/company\\\/miralia\\\/\"]},{\"@type\":\"Person\",\"@id\":\"https:\\\/\\\/miralia.ai\\\/fr\\\/#\\\/schema\\\/person\\\/deba4a295ccb0b555672fccf6f0dca2e\",\"name\":\"Jean-Denis Garo\",\"image\":{\"@type\":\"ImageObject\",\"inLanguage\":\"en-US\",\"@id\":\"https:\\\/\\\/golem-ai-website-wordpress-prod.s3.fr-par.scw.cloud\\\/wp-content\\\/uploads\\\/2021\\\/10\\\/06140543\\\/Jean-denis-fonds-couleur-origine-150x150.png\",\"url\":\"https:\\\/\\\/golem-ai-website-wordpress-prod.s3.fr-par.scw.cloud\\\/wp-content\\\/uploads\\\/2021\\\/10\\\/06140543\\\/Jean-denis-fonds-couleur-origine-150x150.png\",\"contentUrl\":\"https:\\\/\\\/golem-ai-website-wordpress-prod.s3.fr-par.scw.cloud\\\/wp-content\\\/uploads\\\/2021\\\/10\\\/06140543\\\/Jean-denis-fonds-couleur-origine-150x150.png\",\"caption\":\"Jean-Denis Garo\"},\"url\":\"https:\\\/\\\/miralia.ai\\\/en\\\/auteur\\\/jean-denisg\"}]}<\/script>\n<!-- \/ Yoast SEO plugin. -->","yoast_head_json":{"title":"Les impacts de l'intelligence artificielle sur le travail","description":"L'analyse de documents et de messages par l'IA change profond\u00e9ment le travail. Mais dans quelle mesure ?","robots":{"index":"index","follow":"follow","max-snippet":"max-snippet:-1","max-image-preview":"max-image-preview:large","max-video-preview":"max-video-preview:-1"},"canonical":"https:\/\/miralia.ai\/en\/blog\/ia-travail-magazine-management\/","og_locale":"en_US","og_type":"article","og_title":"Mon collaborateur est une machine","og_description":"L'intelligence artificielle modifie profond\u00e9ment la nature du travail, mais dans quelle mesure et pour quelles applications ?","og_url":"https:\/\/miralia.ai\/en\/blog\/ia-travail-magazine-management\/","og_site_name":"Miralia.ai","article_published_time":"2021-09-20T06:47:00+00:00","article_modified_time":"2022-07-26T13:36:56+00:00","og_image":[{"url":"https:\/\/golem-ai-website-wordpress-prod.s3.fr-par.scw.cloud\/wp-content\/uploads\/2021\/09\/28220549\/Visuel-post-RS-1600x900-5.png","width":"","height":"","type":"image\/png"}],"author":"Jean-Denis Garo","twitter_card":"summary_large_image","twitter_image":"https:\/\/golem-ai-website-wordpress-prod.s3.fr-par.scw.cloud\/wp-content\/uploads\/2022\/07\/26153617\/Visuel-post-RS-1600x900-1.png","twitter_creator":"@miralia_ai","twitter_site":"@miralia_ai","schema":{"@context":"https:\/\/schema.org","@graph":[{"@type":"Article","@id":"https:\/\/miralia.ai\/blog\/entreprise\/ia-travail-magazine-management#article","isPartOf":{"@id":"https:\/\/miralia.ai\/blog\/entreprise\/ia-travail-magazine-management"},"author":{"name":"Jean-Denis Garo","@id":"https:\/\/miralia.ai\/fr\/#\/schema\/person\/deba4a295ccb0b555672fccf6f0dca2e"},"headline":"Mon collaborateur est une machine","datePublished":"2021-09-20T06:47:00+00:00","dateModified":"2022-07-26T13:36:56+00:00","mainEntityOfPage":{"@id":"https:\/\/miralia.ai\/blog\/entreprise\/ia-travail-magazine-management"},"wordCount":534,"publisher":{"@id":"https:\/\/miralia.ai\/fr\/#organization"},"image":{"@id":"https:\/\/miralia.ai\/blog\/entreprise\/ia-travail-magazine-management#primaryimage"},"thumbnailUrl":"https:\/\/golem-ai-website-wordpress-prod.s3.fr-par.scw.cloud\/wp-content\/uploads\/2021\/09\/28221402\/Visuel-preview-article-de-blog-570x200-4.png","articleSection":["Blog"],"inLanguage":"en-US"},{"@type":"WebPage","@id":"https:\/\/miralia.ai\/blog\/entreprise\/ia-travail-magazine-management","url":"https:\/\/miralia.ai\/blog\/entreprise\/ia-travail-magazine-management","name":"Les impacts de l'intelligence artificielle sur le travail","isPartOf":{"@id":"https:\/\/miralia.ai\/fr\/#website"},"primaryImageOfPage":{"@id":"https:\/\/miralia.ai\/blog\/entreprise\/ia-travail-magazine-management#primaryimage"},"image":{"@id":"https:\/\/miralia.ai\/blog\/entreprise\/ia-travail-magazine-management#primaryimage"},"thumbnailUrl":"https:\/\/golem-ai-website-wordpress-prod.s3.fr-par.scw.cloud\/wp-content\/uploads\/2021\/09\/28221402\/Visuel-preview-article-de-blog-570x200-4.png","datePublished":"2021-09-20T06:47:00+00:00","dateModified":"2022-07-26T13:36:56+00:00","description":"L'analyse de documents et de messages par l'IA change profond\u00e9ment le travail. Mais dans quelle mesure ?","inLanguage":"en-US","potentialAction":[{"@type":"ReadAction","target":["https:\/\/miralia.ai\/blog\/entreprise\/ia-travail-magazine-management"]}]},{"@type":"ImageObject","inLanguage":"en-US","@id":"https:\/\/miralia.ai\/blog\/entreprise\/ia-travail-magazine-management#primaryimage","url":"https:\/\/golem-ai-website-wordpress-prod.s3.fr-par.scw.cloud\/wp-content\/uploads\/2021\/09\/28220549\/Visuel-post-RS-1600x900-5.png","contentUrl":"https:\/\/golem-ai-website-wordpress-prod.s3.fr-par.scw.cloud\/wp-content\/uploads\/2021\/09\/28220549\/Visuel-post-RS-1600x900-5.png","width":"","height":""},{"@type":"WebSite","@id":"https:\/\/miralia.ai\/fr\/#website","url":"https:\/\/miralia.ai\/fr\/","name":"Miralia.ai","description":"","publisher":{"@id":"https:\/\/miralia.ai\/fr\/#organization"},"potentialAction":[{"@type":"SearchAction","target":{"@type":"EntryPoint","urlTemplate":"https:\/\/miralia.ai\/fr\/?s={search_term_string}"},"query-input":{"@type":"PropertyValueSpecification","valueRequired":true,"valueName":"search_term_string"}}],"inLanguage":"en-US"},{"@type":"Organization","@id":"https:\/\/miralia.ai\/fr\/#organization","name":"Miralia","url":"https:\/\/miralia.ai\/fr\/","logo":{"@type":"ImageObject","inLanguage":"en-US","@id":"https:\/\/miralia.ai\/fr\/#\/schema\/logo\/image\/","url":"https:\/\/golem-ai-website-wordpress-prod.s3.fr-par.scw.cloud\/wp-content\/uploads\/2026\/01\/07142128\/Logo-Miralia.png","contentUrl":"https:\/\/golem-ai-website-wordpress-prod.s3.fr-par.scw.cloud\/wp-content\/uploads\/2026\/01\/07142128\/Logo-Miralia.png","width":1061,"height":211,"caption":"Miralia"},"image":{"@id":"https:\/\/miralia.ai\/fr\/#\/schema\/logo\/image\/"},"sameAs":["https:\/\/x.com\/miralia_ai","https:\/\/www.linkedin.com\/company\/miralia\/"]},{"@type":"Person","@id":"https:\/\/miralia.ai\/fr\/#\/schema\/person\/deba4a295ccb0b555672fccf6f0dca2e","name":"Jean-Denis Garo","image":{"@type":"ImageObject","inLanguage":"en-US","@id":"https:\/\/golem-ai-website-wordpress-prod.s3.fr-par.scw.cloud\/wp-content\/uploads\/2021\/10\/06140543\/Jean-denis-fonds-couleur-origine-150x150.png","url":"https:\/\/golem-ai-website-wordpress-prod.s3.fr-par.scw.cloud\/wp-content\/uploads\/2021\/10\/06140543\/Jean-denis-fonds-couleur-origine-150x150.png","contentUrl":"https:\/\/golem-ai-website-wordpress-prod.s3.fr-par.scw.cloud\/wp-content\/uploads\/2021\/10\/06140543\/Jean-denis-fonds-couleur-origine-150x150.png","caption":"Jean-Denis Garo"},"url":"https:\/\/miralia.ai\/en\/auteur\/jean-denisg"}]}},"_links":{"self":[{"href":"https:\/\/miralia.ai\/en\/wp-json\/wp\/v2\/posts\/8692","targetHints":{"allow":["GET"]}}],"collection":[{"href":"https:\/\/miralia.ai\/en\/wp-json\/wp\/v2\/posts"}],"about":[{"href":"https:\/\/miralia.ai\/en\/wp-json\/wp\/v2\/types\/post"}],"author":[{"embeddable":true,"href":"https:\/\/miralia.ai\/en\/wp-json\/wp\/v2\/users\/8"}],"replies":[{"embeddable":true,"href":"https:\/\/miralia.ai\/en\/wp-json\/wp\/v2\/comments?post=8692"}],"version-history":[{"count":5,"href":"https:\/\/miralia.ai\/en\/wp-json\/wp\/v2\/posts\/8692\/revisions"}],"predecessor-version":[{"id":14684,"href":"https:\/\/miralia.ai\/en\/wp-json\/wp\/v2\/posts\/8692\/revisions\/14684"}],"wp:featuredmedia":[{"embeddable":true,"href":"https:\/\/miralia.ai\/en\/wp-json\/wp\/v2\/media\/8717"}],"wp:attachment":[{"href":"https:\/\/miralia.ai\/en\/wp-json\/wp\/v2\/media?parent=8692"}],"wp:term":[{"taxonomy":"category","embeddable":true,"href":"https:\/\/miralia.ai\/en\/wp-json\/wp\/v2\/categories?post=8692"},{"taxonomy":"post_tag","embeddable":true,"href":"https:\/\/miralia.ai\/en\/wp-json\/wp\/v2\/tags?post=8692"}],"curies":[{"name":"wp","href":"https:\/\/api.w.org\/{rel}","templated":true}]}}