{"id":7734,"date":"2021-05-11T06:54:01","date_gmt":"2021-05-11T04:54:01","guid":{"rendered":"https:\/\/golem.ai\/blog\/france-digitale-ia-eu\/"},"modified":"2022-04-22T12:08:37","modified_gmt":"2022-04-22T10:08:37","slug":"france-digitale-ia-eu","status":"publish","type":"post","link":"https:\/\/miralia.ai\/en\/blog\/france-digitale-ia-eu","title":{"rendered":"Task Force IA &#038; Data by France Digitale"},"content":{"rendered":"<h3>France Digitale, un des acteurs de l&rsquo;\u00e9mergence&nbsp;de l&rsquo;\u00e9cosyst\u00e8me de startups que nous avons rejoint cette ann\u00e9e, organisait la semaine derni\u00e8re une task force IA &amp; Data avec ses membres partenaires chez AnotherBrain. Une occasion d&rsquo;\u00e9changer sur les derni\u00e8res d\u00e9cisions de l&rsquo;Union-europ\u00e9enne sur l&rsquo;intelligence artificielle, avec notamment l&rsquo;expertise de Matthieu Lucchesi, Avocat Innovation chez&nbsp;Gide Loyrette Nouel.<\/h3>\n<p><\/p>\n<h2>\u00c9tude de la r\u00e9gulation europ\u00e9enne de l&rsquo;intelligence artificielle<\/h2>\n<p>Pour la premi\u00e8re fois, un premier <strong>cadre juridique<\/strong>* sur l&rsquo;intelligence artificielle ainsi qu&rsquo;un plan coordonn\u00e9&nbsp;avec les \u00e9tats membres a \u00e9t\u00e9 cr\u00e9\u00e9&nbsp;pour garantir la s\u00e9curit\u00e9 et les droits fondamentaux des citoyens et des entreprises, mais aussi et surtout pour faciliter son adoption et son acceptation.&nbsp;C\u2019est une <strong>premi\u00e8re mondiale<\/strong>. Aucun \u00e9tat ou regroupement d\u2019\u00e9tats n\u2019avait jusqu\u2019\u00e0 maintenant r\u00e9alis\u00e9 ou envisag\u00e9 une r\u00e8glementation de cette importance.<\/p>\n<p>Ce cadre apporte une r\u00e9gulation des technologies afin d&rsquo;<strong>\u00e9viter de nombreux biais<\/strong>, et se fonde sur une \u00e9valuation des risques qu&rsquo;engendre&nbsp;la mise en place des IA dans notre quotidien.&nbsp;Se pose ainsi bon nombre de questions \u00e9thiques** li\u00e9es \u00e0 l&rsquo;ind\u00e9pendance des infrastructures, \u00e0 l&rsquo;exploitation des donn\u00e9es et \u00e0 l&rsquo;<strong><a href=\"https:\/\/golem.ai\/fr\/blog\/entreprise\/IA-ethique-explicable\"><span style=\"color: #e27e5a;\">explicabilit\u00e9 des d\u00e9cisions<\/span><\/a><\/strong>, \u00e0 la sauvegarde de la d\u00e9mocratie des processus ou encore le respect&nbsp;des droits dans le maintien&nbsp;de l&rsquo;ordre.&nbsp;<\/p>\n<p>L&rsquo;approche souhait\u00e9e est claire, accroitre <strong>le d\u00e9veloppement num\u00e9rique<\/strong> des entreprises tout en prot\u00e9gant les droits fondamentaux des individus. Ainsi, l&rsquo;\u00e9tablissement d&rsquo;un leadership strat\u00e9gique pour faciliter la r\u00e9gulation EU de l&rsquo;IA,&nbsp;est aujourd&rsquo;hui la priorit\u00e9 des \u00e9tats membres de l&rsquo;union europ\u00e9enne.<\/p>\n<p><\/p>\n\n\n<\/p>\n<div class=\"wp-block-image\">\n<figure class=\"aligncenter size-full is-resized\"><a href=\"https:\/\/golem.ai\/fr\/ressources\/\"><img fetchpriority=\"high\" decoding=\"async\" class=\"wp-image-12234 aligncenter\" src=\"https:\/\/golem-ai-website-wordpress-prod.s3.fr-par.scw.cloud\/wp-content\/uploads\/2022\/03\/26173514\/Contenus.png\" alt=\"\" width=\"480\" height=\"270\" srcset=\"https:\/\/golem-ai-website-wordpress-prod.s3.fr-par.scw.cloud\/wp-content\/uploads\/2022\/03\/26173514\/Contenus-300x169.png 300w, https:\/\/golem-ai-website-wordpress-prod.s3.fr-par.scw.cloud\/wp-content\/uploads\/2022\/03\/26173514\/Contenus-768x432.png 768w, https:\/\/golem-ai-website-wordpress-prod.s3.fr-par.scw.cloud\/wp-content\/uploads\/2022\/03\/26173514\/Contenus-18x10.png 18w, https:\/\/golem-ai-website-wordpress-prod.s3.fr-par.scw.cloud\/wp-content\/uploads\/2022\/03\/26173514\/Contenus.png 960w\" sizes=\"(max-width: 480px) 100vw, 480px\" \/><\/a><\/figure>\n<\/div>\n<p>\n\n\n<p><\/p>\n<h2>France Digitale, partenaire du d\u00e9veloppement de l&rsquo;\u00e9cosyst\u00e8me startup<\/h2>\n<p>Cr\u00e9\u00e9e&nbsp;en 2012, France Digitale est une association dont l&rsquo;objectif est de permettre l\u2019<strong>\u00e9mergence des startups europ\u00e9ennes<\/strong> du num\u00e9rique notamment aupr\u00e8s des acteurs publics. Issue de l&rsquo;initiative de Marie Ekeland et Marc Menas\u00e9, cette association regroupe aujourd&rsquo;hui plus de 1800 <strong>entrepreneurs et investisseurs<\/strong> du num\u00e9rique fran\u00e7ais.<br>Pour cela, il est n\u00e9cessaire de faire&nbsp;\u00e9merger <strong>un contexte r\u00e9glementaire favorable<\/strong> \u00e0 l&rsquo;\u00e9cosyst\u00e8me, mais aussi de&nbsp;permettre aux adh\u00e9rents de lever des fonds, recruter, former leurs C-levels, rencontrer des corporates, am\u00e9liorer leur impact et networker avec leurs pairs. Une nouvelle aventure pour toute l&rsquo;\u00e9quipe Golem.ai !<\/p>\n<p><\/p>\n<p>Vous souhaitez en savoir plus sur l\u2019exploitation des donn\u00e9es par notre l\u2019intelligence artificielle ? N&rsquo;h\u00e9sitez pas \u00e0 consultez nos pages solutions&nbsp;<a href=\"https:\/\/golem.ai\/fr\/solutions\/relation-client\/\"><strong>customer relationships<\/strong><\/a>,&nbsp;<a href=\"https:\/\/golem.ai\/fr\/solutions\/conformite\/\"><strong>compliance<\/strong><\/a> or <a href=\"https:\/\/golem.ai\/fr\/solutions\/gestion-appels-offres\/\"><strong>appels d\u2019offres<\/strong><\/a> pour plus d&rsquo;informations. Si vous avez la moindre question, <a href=\"https:\/\/golem.ai\/en\/contact\/\"><strong>nos \u00e9quipes<\/strong><\/a>&nbsp;se feront un plaisir de vous r\u00e9pondre !<\/p>\n<p><em><span style=\"font-size: 11px;\">*&nbsp;https:\/\/ec.europa.eu\/newsroom\/dae\/items\/709090<\/span><\/em><\/p>\n<p><em><span style=\"font-size: 11px;\">*<\/span><\/em><em><span style=\"font-size: 11px;\">*https:\/\/ec.europa.eu\/france\/news\/20210421\/nouvelles_regles_europeennes_intelligence_artificielle_fr<\/span><\/em><\/p>\n\n\n<p><\/p>\n<!-- AddThis Advanced Settings generic via filter on the_content --><!-- AddThis Share Buttons generic via filter on the_content -->","protected":false},"excerpt":{"rendered":"<p>Retour sur la Task Force IA &#038; Data sur la r\u00e9gulation europ\u00e9enne de l&rsquo;IA<!-- AddThis Advanced Settings generic via filter on get_the_excerpt --><!-- AddThis Share Buttons generic via filter on get_the_excerpt --><\/p>","protected":false},"author":3,"featured_media":7736,"comment_status":"closed","ping_status":"open","sticky":false,"template":"","format":"standard","meta":{"_acf_changed":false,"content-type":"","footnotes":""},"categories":[68],"tags":[],"class_list":["post-7734","post","type-post","status-publish","format-standard","has-post-thumbnail","hentry","category-blog"],"acf":[],"yoast_head":"<!-- This site is optimized with the Yoast SEO plugin v27.5 - https:\/\/yoast.com\/product\/yoast-seo-wordpress\/ -->\n<title>France Digitale conf\u00e9rence IA<\/title>\n<meta name=\"description\" content=\"Union-europ\u00e9enne, r\u00e9gulation juridique, intelligence artificielle... Eclairage avec France Digitale\" \/>\n<meta name=\"robots\" content=\"index, follow, max-snippet:-1, max-image-preview:large, max-video-preview:-1\" \/>\n<link rel=\"canonical\" href=\"https:\/\/miralia.ai\/en\/blog\/france-digitale-ia-eu\/\" \/>\n<meta property=\"og:locale\" content=\"en_US\" \/>\n<meta property=\"og:type\" content=\"article\" \/>\n<meta property=\"og:title\" content=\"France Digitale conf\u00e9rence IA\" \/>\n<meta property=\"og:description\" content=\"Union-europ\u00e9enne, r\u00e9gulation juridique, intelligence artificielle... Eclairage avec France Digitale\" \/>\n<meta property=\"og:url\" content=\"https:\/\/miralia.ai\/en\/blog\/france-digitale-ia-eu\/\" \/>\n<meta property=\"og:site_name\" content=\"Miralia.ai\" \/>\n<meta property=\"article:published_time\" content=\"2021-05-11T04:54:01+00:00\" \/>\n<meta property=\"article:modified_time\" content=\"2022-04-22T10:08:37+00:00\" \/>\n<meta property=\"og:image\" content=\"https:\/\/golem-ai-website-wordpress-prod.s3.fr-par.scw.cloud\/wp-content\/uploads\/2021\/09\/16143432\/876f71037779bd5dc6949a3235c5a61f0bb6ed4b-1.png\" \/>\n\t<meta property=\"og:image:width\" content=\"1\" \/>\n\t<meta property=\"og:image:height\" content=\"1\" \/>\n\t<meta property=\"og:image:type\" content=\"image\/png\" \/>\n<meta name=\"author\" content=\"Thomas Leduc\" \/>\n<meta name=\"twitter:card\" content=\"summary_large_image\" \/>\n<meta name=\"twitter:creator\" content=\"@miralia_ai\" \/>\n<meta name=\"twitter:site\" content=\"@miralia_ai\" \/>\n<script type=\"application\/ld+json\" class=\"yoast-schema-graph\">{\"@context\":\"https:\\\/\\\/schema.org\",\"@graph\":[{\"@type\":\"Article\",\"@id\":\"https:\\\/\\\/miralia.ai\\\/blog\\\/entreprise\\\/france-digitale-ia-eu#article\",\"isPartOf\":{\"@id\":\"https:\\\/\\\/miralia.ai\\\/blog\\\/entreprise\\\/france-digitale-ia-eu\"},\"author\":{\"name\":\"Thomas Leduc\",\"@id\":\"https:\\\/\\\/miralia.ai\\\/fr\\\/#\\\/schema\\\/person\\\/a25711a1713dceec302b048e7a97f063\"},\"headline\":\"Task Force IA &#038; Data by France Digitale\",\"datePublished\":\"2021-05-11T04:54:01+00:00\",\"dateModified\":\"2022-04-22T10:08:37+00:00\",\"mainEntityOfPage\":{\"@id\":\"https:\\\/\\\/miralia.ai\\\/blog\\\/entreprise\\\/france-digitale-ia-eu\"},\"wordCount\":501,\"publisher\":{\"@id\":\"https:\\\/\\\/miralia.ai\\\/fr\\\/#organization\"},\"image\":{\"@id\":\"https:\\\/\\\/miralia.ai\\\/blog\\\/entreprise\\\/france-digitale-ia-eu#primaryimage\"},\"thumbnailUrl\":\"https:\\\/\\\/golem-ai-website-wordpress-prod.s3.fr-par.scw.cloud\\\/wp-content\\\/uploads\\\/2021\\\/09\\\/16143432\\\/876f71037779bd5dc6949a3235c5a61f0bb6ed4b-1.png\",\"articleSection\":[\"Blog\"],\"inLanguage\":\"en-US\"},{\"@type\":\"WebPage\",\"@id\":\"https:\\\/\\\/miralia.ai\\\/blog\\\/entreprise\\\/france-digitale-ia-eu\",\"url\":\"https:\\\/\\\/miralia.ai\\\/blog\\\/entreprise\\\/france-digitale-ia-eu\",\"name\":\"France Digitale conf\u00e9rence IA\",\"isPartOf\":{\"@id\":\"https:\\\/\\\/miralia.ai\\\/fr\\\/#website\"},\"primaryImageOfPage\":{\"@id\":\"https:\\\/\\\/miralia.ai\\\/blog\\\/entreprise\\\/france-digitale-ia-eu#primaryimage\"},\"image\":{\"@id\":\"https:\\\/\\\/miralia.ai\\\/blog\\\/entreprise\\\/france-digitale-ia-eu#primaryimage\"},\"thumbnailUrl\":\"https:\\\/\\\/golem-ai-website-wordpress-prod.s3.fr-par.scw.cloud\\\/wp-content\\\/uploads\\\/2021\\\/09\\\/16143432\\\/876f71037779bd5dc6949a3235c5a61f0bb6ed4b-1.png\",\"datePublished\":\"2021-05-11T04:54:01+00:00\",\"dateModified\":\"2022-04-22T10:08:37+00:00\",\"description\":\"Union-europ\u00e9enne, r\u00e9gulation juridique, intelligence artificielle... Eclairage avec France Digitale\",\"inLanguage\":\"en-US\",\"potentialAction\":[{\"@type\":\"ReadAction\",\"target\":[\"https:\\\/\\\/miralia.ai\\\/blog\\\/entreprise\\\/france-digitale-ia-eu\"]}]},{\"@type\":\"ImageObject\",\"inLanguage\":\"en-US\",\"@id\":\"https:\\\/\\\/miralia.ai\\\/blog\\\/entreprise\\\/france-digitale-ia-eu#primaryimage\",\"url\":\"https:\\\/\\\/golem-ai-website-wordpress-prod.s3.fr-par.scw.cloud\\\/wp-content\\\/uploads\\\/2021\\\/09\\\/16143432\\\/876f71037779bd5dc6949a3235c5a61f0bb6ed4b-1.png\",\"contentUrl\":\"https:\\\/\\\/golem-ai-website-wordpress-prod.s3.fr-par.scw.cloud\\\/wp-content\\\/uploads\\\/2021\\\/09\\\/16143432\\\/876f71037779bd5dc6949a3235c5a61f0bb6ed4b-1.png\"},{\"@type\":\"WebSite\",\"@id\":\"https:\\\/\\\/miralia.ai\\\/fr\\\/#website\",\"url\":\"https:\\\/\\\/miralia.ai\\\/fr\\\/\",\"name\":\"Miralia.ai\",\"description\":\"\",\"publisher\":{\"@id\":\"https:\\\/\\\/miralia.ai\\\/fr\\\/#organization\"},\"potentialAction\":[{\"@type\":\"SearchAction\",\"target\":{\"@type\":\"EntryPoint\",\"urlTemplate\":\"https:\\\/\\\/miralia.ai\\\/fr\\\/?s={search_term_string}\"},\"query-input\":{\"@type\":\"PropertyValueSpecification\",\"valueRequired\":true,\"valueName\":\"search_term_string\"}}],\"inLanguage\":\"en-US\"},{\"@type\":\"Organization\",\"@id\":\"https:\\\/\\\/miralia.ai\\\/fr\\\/#organization\",\"name\":\"Miralia\",\"url\":\"https:\\\/\\\/miralia.ai\\\/fr\\\/\",\"logo\":{\"@type\":\"ImageObject\",\"inLanguage\":\"en-US\",\"@id\":\"https:\\\/\\\/miralia.ai\\\/fr\\\/#\\\/schema\\\/logo\\\/image\\\/\",\"url\":\"https:\\\/\\\/golem-ai-website-wordpress-prod.s3.fr-par.scw.cloud\\\/wp-content\\\/uploads\\\/2026\\\/01\\\/07142128\\\/Logo-Miralia.png\",\"contentUrl\":\"https:\\\/\\\/golem-ai-website-wordpress-prod.s3.fr-par.scw.cloud\\\/wp-content\\\/uploads\\\/2026\\\/01\\\/07142128\\\/Logo-Miralia.png\",\"width\":1061,\"height\":211,\"caption\":\"Miralia\"},\"image\":{\"@id\":\"https:\\\/\\\/miralia.ai\\\/fr\\\/#\\\/schema\\\/logo\\\/image\\\/\"},\"sameAs\":[\"https:\\\/\\\/x.com\\\/miralia_ai\",\"https:\\\/\\\/www.linkedin.com\\\/company\\\/miralia\\\/\"]},{\"@type\":\"Person\",\"@id\":\"https:\\\/\\\/miralia.ai\\\/fr\\\/#\\\/schema\\\/person\\\/a25711a1713dceec302b048e7a97f063\",\"name\":\"Thomas Leduc\",\"image\":{\"@type\":\"ImageObject\",\"inLanguage\":\"en-US\",\"@id\":\"https:\\\/\\\/golem-ai-website-wordpress-prod.s3.fr-par.scw.cloud\\\/wp-content\\\/uploads\\\/2021\\\/10\\\/06140903\\\/photo-thomas-leduc-150x150.png\",\"url\":\"https:\\\/\\\/golem-ai-website-wordpress-prod.s3.fr-par.scw.cloud\\\/wp-content\\\/uploads\\\/2021\\\/10\\\/06140903\\\/photo-thomas-leduc-150x150.png\",\"contentUrl\":\"https:\\\/\\\/golem-ai-website-wordpress-prod.s3.fr-par.scw.cloud\\\/wp-content\\\/uploads\\\/2021\\\/10\\\/06140903\\\/photo-thomas-leduc-150x150.png\",\"caption\":\"Thomas Leduc\"},\"url\":\"https:\\\/\\\/miralia.ai\\\/en\\\/auteur\\\/thomasl\"}]}<\/script>\n<!-- \/ Yoast SEO plugin. -->","yoast_head_json":{"title":"France Digitale conf\u00e9rence IA","description":"Union-europ\u00e9enne, r\u00e9gulation juridique, intelligence artificielle... Eclairage avec France Digitale","robots":{"index":"index","follow":"follow","max-snippet":"max-snippet:-1","max-image-preview":"max-image-preview:large","max-video-preview":"max-video-preview:-1"},"canonical":"https:\/\/miralia.ai\/en\/blog\/france-digitale-ia-eu\/","og_locale":"en_US","og_type":"article","og_title":"France Digitale conf\u00e9rence IA","og_description":"Union-europ\u00e9enne, r\u00e9gulation juridique, intelligence artificielle... Eclairage avec France Digitale","og_url":"https:\/\/miralia.ai\/en\/blog\/france-digitale-ia-eu\/","og_site_name":"Miralia.ai","article_published_time":"2021-05-11T04:54:01+00:00","article_modified_time":"2022-04-22T10:08:37+00:00","og_image":[{"url":"https:\/\/golem-ai-website-wordpress-prod.s3.fr-par.scw.cloud\/wp-content\/uploads\/2021\/09\/16143432\/876f71037779bd5dc6949a3235c5a61f0bb6ed4b-1.png","width":1,"height":1,"type":"image\/png"}],"author":"Thomas Leduc","twitter_card":"summary_large_image","twitter_creator":"@miralia_ai","twitter_site":"@miralia_ai","schema":{"@context":"https:\/\/schema.org","@graph":[{"@type":"Article","@id":"https:\/\/miralia.ai\/blog\/entreprise\/france-digitale-ia-eu#article","isPartOf":{"@id":"https:\/\/miralia.ai\/blog\/entreprise\/france-digitale-ia-eu"},"author":{"name":"Thomas Leduc","@id":"https:\/\/miralia.ai\/fr\/#\/schema\/person\/a25711a1713dceec302b048e7a97f063"},"headline":"Task Force IA &#038; Data by France Digitale","datePublished":"2021-05-11T04:54:01+00:00","dateModified":"2022-04-22T10:08:37+00:00","mainEntityOfPage":{"@id":"https:\/\/miralia.ai\/blog\/entreprise\/france-digitale-ia-eu"},"wordCount":501,"publisher":{"@id":"https:\/\/miralia.ai\/fr\/#organization"},"image":{"@id":"https:\/\/miralia.ai\/blog\/entreprise\/france-digitale-ia-eu#primaryimage"},"thumbnailUrl":"https:\/\/golem-ai-website-wordpress-prod.s3.fr-par.scw.cloud\/wp-content\/uploads\/2021\/09\/16143432\/876f71037779bd5dc6949a3235c5a61f0bb6ed4b-1.png","articleSection":["Blog"],"inLanguage":"en-US"},{"@type":"WebPage","@id":"https:\/\/miralia.ai\/blog\/entreprise\/france-digitale-ia-eu","url":"https:\/\/miralia.ai\/blog\/entreprise\/france-digitale-ia-eu","name":"France Digitale conf\u00e9rence IA","isPartOf":{"@id":"https:\/\/miralia.ai\/fr\/#website"},"primaryImageOfPage":{"@id":"https:\/\/miralia.ai\/blog\/entreprise\/france-digitale-ia-eu#primaryimage"},"image":{"@id":"https:\/\/miralia.ai\/blog\/entreprise\/france-digitale-ia-eu#primaryimage"},"thumbnailUrl":"https:\/\/golem-ai-website-wordpress-prod.s3.fr-par.scw.cloud\/wp-content\/uploads\/2021\/09\/16143432\/876f71037779bd5dc6949a3235c5a61f0bb6ed4b-1.png","datePublished":"2021-05-11T04:54:01+00:00","dateModified":"2022-04-22T10:08:37+00:00","description":"Union-europ\u00e9enne, r\u00e9gulation juridique, intelligence artificielle... Eclairage avec France Digitale","inLanguage":"en-US","potentialAction":[{"@type":"ReadAction","target":["https:\/\/miralia.ai\/blog\/entreprise\/france-digitale-ia-eu"]}]},{"@type":"ImageObject","inLanguage":"en-US","@id":"https:\/\/miralia.ai\/blog\/entreprise\/france-digitale-ia-eu#primaryimage","url":"https:\/\/golem-ai-website-wordpress-prod.s3.fr-par.scw.cloud\/wp-content\/uploads\/2021\/09\/16143432\/876f71037779bd5dc6949a3235c5a61f0bb6ed4b-1.png","contentUrl":"https:\/\/golem-ai-website-wordpress-prod.s3.fr-par.scw.cloud\/wp-content\/uploads\/2021\/09\/16143432\/876f71037779bd5dc6949a3235c5a61f0bb6ed4b-1.png"},{"@type":"WebSite","@id":"https:\/\/miralia.ai\/fr\/#website","url":"https:\/\/miralia.ai\/fr\/","name":"Miralia.ai","description":"","publisher":{"@id":"https:\/\/miralia.ai\/fr\/#organization"},"potentialAction":[{"@type":"SearchAction","target":{"@type":"EntryPoint","urlTemplate":"https:\/\/miralia.ai\/fr\/?s={search_term_string}"},"query-input":{"@type":"PropertyValueSpecification","valueRequired":true,"valueName":"search_term_string"}}],"inLanguage":"en-US"},{"@type":"Organization","@id":"https:\/\/miralia.ai\/fr\/#organization","name":"Miralia","url":"https:\/\/miralia.ai\/fr\/","logo":{"@type":"ImageObject","inLanguage":"en-US","@id":"https:\/\/miralia.ai\/fr\/#\/schema\/logo\/image\/","url":"https:\/\/golem-ai-website-wordpress-prod.s3.fr-par.scw.cloud\/wp-content\/uploads\/2026\/01\/07142128\/Logo-Miralia.png","contentUrl":"https:\/\/golem-ai-website-wordpress-prod.s3.fr-par.scw.cloud\/wp-content\/uploads\/2026\/01\/07142128\/Logo-Miralia.png","width":1061,"height":211,"caption":"Miralia"},"image":{"@id":"https:\/\/miralia.ai\/fr\/#\/schema\/logo\/image\/"},"sameAs":["https:\/\/x.com\/miralia_ai","https:\/\/www.linkedin.com\/company\/miralia\/"]},{"@type":"Person","@id":"https:\/\/miralia.ai\/fr\/#\/schema\/person\/a25711a1713dceec302b048e7a97f063","name":"Thomas Leduc","image":{"@type":"ImageObject","inLanguage":"en-US","@id":"https:\/\/golem-ai-website-wordpress-prod.s3.fr-par.scw.cloud\/wp-content\/uploads\/2021\/10\/06140903\/photo-thomas-leduc-150x150.png","url":"https:\/\/golem-ai-website-wordpress-prod.s3.fr-par.scw.cloud\/wp-content\/uploads\/2021\/10\/06140903\/photo-thomas-leduc-150x150.png","contentUrl":"https:\/\/golem-ai-website-wordpress-prod.s3.fr-par.scw.cloud\/wp-content\/uploads\/2021\/10\/06140903\/photo-thomas-leduc-150x150.png","caption":"Thomas Leduc"},"url":"https:\/\/miralia.ai\/en\/auteur\/thomasl"}]}},"_links":{"self":[{"href":"https:\/\/miralia.ai\/en\/wp-json\/wp\/v2\/posts\/7734","targetHints":{"allow":["GET"]}}],"collection":[{"href":"https:\/\/miralia.ai\/en\/wp-json\/wp\/v2\/posts"}],"about":[{"href":"https:\/\/miralia.ai\/en\/wp-json\/wp\/v2\/types\/post"}],"author":[{"embeddable":true,"href":"https:\/\/miralia.ai\/en\/wp-json\/wp\/v2\/users\/3"}],"replies":[{"embeddable":true,"href":"https:\/\/miralia.ai\/en\/wp-json\/wp\/v2\/comments?post=7734"}],"version-history":[{"count":5,"href":"https:\/\/miralia.ai\/en\/wp-json\/wp\/v2\/posts\/7734\/revisions"}],"predecessor-version":[{"id":12883,"href":"https:\/\/miralia.ai\/en\/wp-json\/wp\/v2\/posts\/7734\/revisions\/12883"}],"wp:featuredmedia":[{"embeddable":true,"href":"https:\/\/miralia.ai\/en\/wp-json\/wp\/v2\/media\/7736"}],"wp:attachment":[{"href":"https:\/\/miralia.ai\/en\/wp-json\/wp\/v2\/media?parent=7734"}],"wp:term":[{"taxonomy":"category","embeddable":true,"href":"https:\/\/miralia.ai\/en\/wp-json\/wp\/v2\/categories?post=7734"},{"taxonomy":"post_tag","embeddable":true,"href":"https:\/\/miralia.ai\/en\/wp-json\/wp\/v2\/tags?post=7734"}],"curies":[{"name":"wp","href":"https:\/\/api.w.org\/{rel}","templated":true}]}}