{"id":23593,"date":"2023-11-23T10:53:09","date_gmt":"2023-11-23T09:53:09","guid":{"rendered":"https:\/\/golem.ai\/?p=23593"},"modified":"2023-11-23T15:16:15","modified_gmt":"2023-11-23T14:16:15","slug":"retour-sur-la-premiere-conference-ia-deurope-ai-pulse-par-scaleway","status":"publish","type":"post","link":"https:\/\/miralia.ai\/en\/blog\/retour-sur-la-premiere-conference-ia-deurope-ai-pulse-par-scaleway","title":{"rendered":"Feedback on Europe\u2019s first AI conference: ai-PULSE by Scaleway"},"content":{"rendered":"\n<p>Avec des conf\u00e9renciers de renom tels que Jensen Huang, cofondateur et PDG de Nvidia, Xavier Niel, fondateur du Groupe Iliad, et Eric Schmidt, ancien PDG de Google,&nbsp; ai-PULSE a soulign\u00e9 l&rsquo;importance croissante des solutions d\u2019IA.Scaleway, en tant qu&rsquo;organisateur, a non seulement facilit\u00e9 ces discussions enrichissantes, mais a \u00e9galement jou\u00e9 un r\u00f4le de premier plan en annon\u00e7ant des innovations significatives. Ces annonces, allant de l\u2019annonce du nouveau laboratoire IA open source Kyutai au nouveau Processeurs Cloud Native d&rsquo;Ampere, positionne l\u2019IA comme sujet majeur notamment dans l\u2019\u00e9cosyst\u00e8me d\u2019innovations fran\u00e7aises.<\/p>\n\n\n\n<p><strong>&nbsp;ai-PULSE: la conf\u00e9rence phare d\u2019IA en Europe<\/strong><\/p>\n\n\n\n<p>L\u2019\u00e9v\u00e9nement \u00a0\u00bb ai-PULSE\u00a0\u00bb, organis\u00e9 par Scaleway \u00e0 la StationF, a \u00e9t\u00e9 le th\u00e9\u00e2tre de plusieurs annonces majeures dans le domaine de l&rsquo;intelligence artificielle. D\u00e8s lors, l&rsquo;\u00e9quipe Golem.ai a pu d\u00e9couvrir en direct les <strong>annonces<\/strong> qui d\u00e9crivent les tendances de l\u2019IA en France, mais aussi en Europe.<\/p>\n\n\n\n<p><strong>Nouveau Processeur Cloud Native d\u2019Ampere<\/strong><\/p>\n\n\n\n<p>En 2023, 94% des entreprises utilisent un service cloud, dans une industrie mondiale du cloud computing estim\u00e9e \u00e0 832,1 milliards de dollars d&rsquo;ici 2025. L\u2019enjeu est clair : optimiser les technologies utilis\u00e9es dans le domaine du Cloud alliant performance et faible <a href=\"https:\/\/golem.ai\/fr\/blog\/entreprise\/ia-sobriete-numerique\">consommation \u00e9nerg\u00e9tique.&nbsp;<\/a><\/p>\n\n\n\n<p>Lors de l&rsquo; ai-PULSE, le processeur Ampere\u00ae Altra\u00ae a \u00e9t\u00e9 introduit comme une alternative aux processeurs x86, offrant des performances optimis\u00e9es et une faible consommation \u00e9nerg\u00e9tique dans le Cloud. Les nouvelles instances Ampere\u00ae Altra\u00ae bas\u00e9es sur ARM am\u00e9liorent les performances d&rsquo;inf\u00e9rence IA en temps r\u00e9el tout en r\u00e9duisant la consommation \u00e9nerg\u00e9tique. <a href=\"https:\/\/golem.ai\/fr\/blog\/technologie\/infrastructure-green-optimisation\">L&rsquo;optimisation technique des infrastructures<\/a> devient essentielle dans le d\u00e9veloppement des nouvelles technologies et la gestion future des consommations.<\/p>\n\n\n\n<p><strong>Quantum As A Service (QaaS)<\/strong><\/p>\n\n\n\n<p>Lors de la conf\u00e9rence ai-PULSE \u00e0 Paris, Damien Lucas, CEO de Scaleway, a annonc\u00e9 le partenariat de l&rsquo;entreprise avec Quandela, un leader de l&rsquo;informatique quantique, marquant l&rsquo;entr\u00e9e de Scaleway dans ce domaine.&nbsp;<\/p>\n\n\n\n<p>Ce partenariat strat\u00e9gique suit un financement r\u00e9cent de 50 millions d&rsquo;euros pour Quandela et la livraison de son premier ordinateur quantique. Scaleway lance un service quantique \u00e0 la demande (QaaS) \u00e9quip\u00e9 d&rsquo;un simulateur de circuit de Quandela, propuls\u00e9 par les <a href=\"https:\/\/golem.ai\/fr\/blog\/optimisation-llm-scaleway\">GPUs NVIDIA H100<\/a>. Cette initiative positionne Scaleway comme un acteur cl\u00e9 dans l&rsquo;\u00e9cosyst\u00e8me europ\u00e9en de l&rsquo;IA, pr\u00e9parant les industries \u00e0 l&rsquo;\u00e8re quantique.<\/p>\n\n\n\n<p><strong>Le supercalculateur \u201cNabu\u201d<\/strong><\/p>\n\n\n\n<p>Scaleway, filiale du Groupe iliad, a lanc\u00e9 son supercalculateur d&rsquo;IA, le Nabuchodonosor 2023, bas\u00e9 sur l&rsquo;infrastructure NVIDIA DGX H100. Ce supercalculateur, nomm\u00e9 \u00ab\u00a0Nabu\u00a0\u00bb, est \u00e9quip\u00e9 de 127 syst\u00e8mes NVIDIA DGX H100 avec 1016 GPU et la technologie NVIDIA NVLink, Quantum-2 InfiniBand, et le logiciel NVIDIA AI Enterprise.&nbsp;<\/p>\n\n\n\n<p>Scaleway propose \u00e9galement le Jeroboam, une version plus petite du supercalculateur. Ces offres renforcent les capacit\u00e9s d&rsquo;IA de Scaleway, incluant des instances GPU, des solutions de stockage adapt\u00e9es \u00e0 l&rsquo;IA, et des outils d&rsquo;orchestration. Le supercalculateur est h\u00e9berg\u00e9 dans le data center DC5 de Scaleway, \u00e9co-efficace et \u00e9conome en \u00e9nergie et en eau.&nbsp;<\/p>\n\n\n\n<p>Scaleway vise \u00e0 devenir un leader de l&rsquo;IA en Europe, offrant un portefeuille Cloud complet et des produits d&rsquo;IA pour toutes les entreprises, tout en mettant l&rsquo;accent sur <a href=\"https:\/\/golem.ai\/fr\/blog\/entreprise\/intelligence-artificielle-souverainete\">la souverainet\u00e9 technologique<\/a> europ\u00e9enne et l&rsquo;\u00e9co-responsabilit\u00e9.<\/p>\n\n\n\n<p><strong>Kyutai : le laboratoire open source LLM<\/strong><br><\/p>\n\n\n\n<p>300 millions. C\u2019est le montant allou\u00e9 Iliad Group, CMA CGM Group and Schmidt Futures pour lancer<\/p>\n\n\n\n<p>Kyutai, un laboratoire \u00e0 but non lucratif d\u00e9di\u00e9 \u00e0 la recherche ouverte en intelligence artificielle (IA). Son but est de relever les d\u00e9fis majeurs de l&rsquo;IA moderne, notamment en d\u00e9veloppant des mod\u00e8les multimodaux (texte, son, images, etc.) et en cr\u00e9ant de nouveaux algorithmes pour am\u00e9liorer leurs capacit\u00e9s, fiabilit\u00e9 et efficacit\u00e9. Un pas de plus pour le d\u00e9veloppement de l\u2019innovation fran\u00e7aise et europ\u00e9enne.<\/p>\n\n\n\n<p><strong>Utiliser l&rsquo;IA g\u00e9n\u00e9rative et l&rsquo;IA analytique pour les march\u00e9s sensibles et critiques.<\/strong><\/p>\n\n\n\n<p>Killian Vermersch, CEO de Golem.ai, lors de sa conf\u00e9rence \u00e0 l\u2019 ai-PULSE, a mis en lumi\u00e8re les d\u00e9fis et les opportunit\u00e9s de l&rsquo;IA dans les environnements critiques, tels que la D\u00e9fense, la sant\u00e9 et la s\u00e9curit\u00e9 nationale. Il a soulign\u00e9 l&rsquo;importance de g\u00e9rer les donn\u00e9es sensibles dans ces secteurs, compte tenu de leurs contraintes l\u00e9gales et techniques sp\u00e9cifiques.&nbsp;<\/p>\n\n\n\n<figure class=\"wp-block-image\"><img decoding=\"async\" src=\"https:\/\/lh7-us.googleusercontent.com\/BKL-nRN-TckXdWrZ4CS4LjEjAYN6n5Aw7cgt6cXAei5QWO3Kg0osQJNKmidVwKykhOXFzFKeTW_Lako1dUdjD8ZIG7lxssauw5GeKIkR4lM313tKW-32Biuw9tDlSx-5pOSVVDlnHt2AOhDfOIk4yy4\" alt=\"\"\/><\/figure>\n\n\n\n<p>Point important, une distinction est \u00e0 faire entre <a href=\"https:\/\/golem.ai\/en\/blog\/technologie\/ia-symbolique-machinelearning-nlp\">l&rsquo;IA analytique et g\u00e9n\u00e9rative<\/a>. Les usages ne sont pas les m\u00eames, mais peuvent rester compl\u00e9mentaires. L\u2019IA analytique, \u00e9tant plus pr\u00e9visible, est un bon point de d\u00e9part pour d\u00e9terminer les cas d&rsquo;utilisation acceptables pour l&rsquo;IA g\u00e9n\u00e9rative dans ces environnements. En somme \u201cLes am\u00e9liorations apport\u00e9es aux syst\u00e8mes d&rsquo;IA pour r\u00e9pondre aux exigences et aux restrictions des environnements critiques vont am\u00e9liorer les applications de l&rsquo;IA en g\u00e9n\u00e9ral, m\u00eame dans les cas d&rsquo;utilisation courants.\u201d Killian vermersch CEO de Golem.ai.<\/p>\n\n\n\n<figure class=\"wp-block-embed is-type-video is-provider-youtube wp-block-embed-youtube wp-embed-aspect-16-9 wp-has-aspect-ratio\"><div class=\"wp-block-embed__wrapper\">\n<iframe title=\"[REPLAY] \ud83c\uddec\ud83c\udde7 CENTRAL ROOM sessions, ai-PULSE Europe&#039;s Premier AI Conference\" width=\"800\" height=\"450\" src=\"https:\/\/www.youtube.com\/embed\/ApFPSEE8Kc0?start=10800&#038;feature=oembed&#038;enablejsapi=1&#038;origin=https:\/\/golem.ai\" frameborder=\"0\" allow=\"accelerometer; autoplay; clipboard-write; encrypted-media; gyroscope; picture-in-picture; web-share\" allowfullscreen><\/iframe>\n<\/div><\/figure>\n\n\n\n<p>Vous souhaitez d\u00e9couvrir nos offres et utiliser l\u2019IA analytique dans le traitement de vos messages ? N\u2019h\u00e9sitez pas \u00e0 <a href=\"https:\/\/golem.ai\/fr\/contact\">nous contacter.<\/a><\/p>\n\n\n\n<p><em>*<\/em><a href=\"https:\/\/www.lambertconsulting.ch\/statistiques-et-tendances-du-cloud-computing-2023-2024\/\"><em>https:\/\/www.lambertconsulting.ch\/statistiques-et-tendances-du-cloud-computing-2023-2024\/<\/em><\/a><\/p>\n\n\n\n<p><em>** <\/em><a href=\"https:\/\/www.lambertconsulting.ch\/statistiques-et-tendances-du-cloud-computing-2023-2024\/\"><em>https:\/\/www.lambertconsulting.ch\/statistiques-et-tendances-du-cloud-computing-2023-2024\/<\/em><\/a><em>&nbsp;<\/em><\/p>\n<!-- AddThis Advanced Settings generic via filter on the_content --><!-- AddThis Share Buttons generic via filter on the_content -->","protected":false},"excerpt":{"rendered":"<p>D\u00e9brief de l&rsquo;ai-PULSE, la premi\u00e8re conf\u00e9rence IA d&rsquo;Europe organis\u00e9e par Scaleway, ses moments cl\u00e9s et ses annonces majeures.<!-- AddThis Advanced Settings generic via filter on get_the_excerpt --><!-- AddThis Share Buttons generic via filter on get_the_excerpt --><\/p>","protected":false},"author":3,"featured_media":23606,"comment_status":"closed","ping_status":"closed","sticky":false,"template":"","format":"standard","meta":{"_acf_changed":false,"content-type":"","footnotes":""},"categories":[68,33],"tags":[],"class_list":["post-23593","post","type-post","status-publish","format-standard","has-post-thumbnail","hentry","category-blog","category-ai-and-society"],"acf":[],"yoast_head":"<!-- This site is optimized with the Yoast SEO plugin v27.5 - https:\/\/yoast.com\/product\/yoast-seo-wordpress\/ -->\n<title>ai-PULSE : Annonces majeures de la premi\u00e8re conf\u00e9rence IA d&#039;Europe<\/title>\n<meta name=\"description\" content=\"Retour sur l\u2019ai-PULSE : leaders de l&#039;IA, innovations majeures et l\u2019utilisation de l\u2019IA dans les march\u00e9s sensibles\" \/>\n<meta name=\"robots\" content=\"index, follow, max-snippet:-1, max-image-preview:large, max-video-preview:-1\" \/>\n<link rel=\"canonical\" href=\"https:\/\/miralia.ai\/en\/blog\/retour-sur-la-premiere-conference-ia-deurope-ai-pulse-par-scaleway\/\" \/>\n<meta property=\"og:locale\" content=\"en_US\" \/>\n<meta property=\"og:type\" content=\"article\" \/>\n<meta property=\"og:title\" content=\"ai-PULSE : Annonces majeures de la premi\u00e8re conf\u00e9rence IA d&#039;Europe\" \/>\n<meta property=\"og:description\" content=\"Retour sur l\u2019ai-PULSE : leaders de l&#039;IA, innovations majeures et l\u2019utilisation de l\u2019IA dans les march\u00e9s sensibles\" \/>\n<meta property=\"og:url\" content=\"https:\/\/miralia.ai\/en\/blog\/retour-sur-la-premiere-conference-ia-deurope-ai-pulse-par-scaleway\/\" \/>\n<meta property=\"og:site_name\" content=\"Miralia.ai\" \/>\n<meta property=\"article:published_time\" content=\"2023-11-23T09:53:09+00:00\" \/>\n<meta property=\"article:modified_time\" content=\"2023-11-23T14:16:15+00:00\" \/>\n<meta property=\"og:image\" content=\"https:\/\/golem-ai-website-wordpress-prod.s3.fr-par.scw.cloud\/wp-content\/uploads\/2023\/11\/23104316\/Blog-ai-pulse-debrief-RS.png\" \/>\n\t<meta property=\"og:image:type\" content=\"image\/png\" \/>\n<meta name=\"author\" content=\"Thomas Leduc\" \/>\n<meta name=\"twitter:card\" content=\"summary_large_image\" \/>\n<meta name=\"twitter:creator\" content=\"@miralia_ai\" \/>\n<meta name=\"twitter:site\" content=\"@miralia_ai\" \/>\n<script type=\"application\/ld+json\" class=\"yoast-schema-graph\">{\"@context\":\"https:\\\/\\\/schema.org\",\"@graph\":[{\"@type\":\"Article\",\"@id\":\"https:\\\/\\\/miralia.ai\\\/blog\\\/retour-sur-la-premiere-conference-ia-deurope-ai-pulse-par-scaleway#article\",\"isPartOf\":{\"@id\":\"https:\\\/\\\/miralia.ai\\\/blog\\\/retour-sur-la-premiere-conference-ia-deurope-ai-pulse-par-scaleway\"},\"author\":{\"name\":\"Thomas Leduc\",\"@id\":\"https:\\\/\\\/miralia.ai\\\/fr\\\/#\\\/schema\\\/person\\\/a25711a1713dceec302b048e7a97f063\"},\"headline\":\"Retour sur la premi\u00e8re conf\u00e9rence IA d\u2019Europe : ai-PULSE par Scaleway\",\"datePublished\":\"2023-11-23T09:53:09+00:00\",\"dateModified\":\"2023-11-23T14:16:15+00:00\",\"mainEntityOfPage\":{\"@id\":\"https:\\\/\\\/miralia.ai\\\/blog\\\/retour-sur-la-premiere-conference-ia-deurope-ai-pulse-par-scaleway\"},\"wordCount\":907,\"publisher\":{\"@id\":\"https:\\\/\\\/miralia.ai\\\/fr\\\/#organization\"},\"image\":{\"@id\":\"https:\\\/\\\/miralia.ai\\\/blog\\\/retour-sur-la-premiere-conference-ia-deurope-ai-pulse-par-scaleway#primaryimage\"},\"thumbnailUrl\":\"https:\\\/\\\/golem-ai-website-wordpress-prod.s3.fr-par.scw.cloud\\\/wp-content\\\/uploads\\\/2023\\\/11\\\/23104819\\\/Blog-debrief-ai-Pulse-PB.png\",\"articleSection\":[\"Blog\",\"Ev\u00e9nements\"],\"inLanguage\":\"en-US\"},{\"@type\":\"WebPage\",\"@id\":\"https:\\\/\\\/miralia.ai\\\/blog\\\/retour-sur-la-premiere-conference-ia-deurope-ai-pulse-par-scaleway\",\"url\":\"https:\\\/\\\/miralia.ai\\\/blog\\\/retour-sur-la-premiere-conference-ia-deurope-ai-pulse-par-scaleway\",\"name\":\"ai-PULSE : Annonces majeures de la premi\u00e8re conf\u00e9rence IA d'Europe\",\"isPartOf\":{\"@id\":\"https:\\\/\\\/miralia.ai\\\/fr\\\/#website\"},\"primaryImageOfPage\":{\"@id\":\"https:\\\/\\\/miralia.ai\\\/blog\\\/retour-sur-la-premiere-conference-ia-deurope-ai-pulse-par-scaleway#primaryimage\"},\"image\":{\"@id\":\"https:\\\/\\\/miralia.ai\\\/blog\\\/retour-sur-la-premiere-conference-ia-deurope-ai-pulse-par-scaleway#primaryimage\"},\"thumbnailUrl\":\"https:\\\/\\\/golem-ai-website-wordpress-prod.s3.fr-par.scw.cloud\\\/wp-content\\\/uploads\\\/2023\\\/11\\\/23104819\\\/Blog-debrief-ai-Pulse-PB.png\",\"datePublished\":\"2023-11-23T09:53:09+00:00\",\"dateModified\":\"2023-11-23T14:16:15+00:00\",\"description\":\"Retour sur l\u2019ai-PULSE : leaders de l'IA, innovations majeures et l\u2019utilisation de l\u2019IA dans les march\u00e9s sensibles\",\"inLanguage\":\"en-US\",\"potentialAction\":[{\"@type\":\"ReadAction\",\"target\":[\"https:\\\/\\\/miralia.ai\\\/blog\\\/retour-sur-la-premiere-conference-ia-deurope-ai-pulse-par-scaleway\"]}]},{\"@type\":\"ImageObject\",\"inLanguage\":\"en-US\",\"@id\":\"https:\\\/\\\/miralia.ai\\\/blog\\\/retour-sur-la-premiere-conference-ia-deurope-ai-pulse-par-scaleway#primaryimage\",\"url\":\"https:\\\/\\\/golem-ai-website-wordpress-prod.s3.fr-par.scw.cloud\\\/wp-content\\\/uploads\\\/2023\\\/11\\\/23104316\\\/Blog-ai-pulse-debrief-RS.png\",\"contentUrl\":\"https:\\\/\\\/golem-ai-website-wordpress-prod.s3.fr-par.scw.cloud\\\/wp-content\\\/uploads\\\/2023\\\/11\\\/23104316\\\/Blog-ai-pulse-debrief-RS.png\",\"width\":\"\",\"height\":\"\",\"caption\":\"D\u00e9brief de Golem.ai pour l'ai-PULSE\"},{\"@type\":\"WebSite\",\"@id\":\"https:\\\/\\\/miralia.ai\\\/fr\\\/#website\",\"url\":\"https:\\\/\\\/miralia.ai\\\/fr\\\/\",\"name\":\"Miralia.ai\",\"description\":\"\",\"publisher\":{\"@id\":\"https:\\\/\\\/miralia.ai\\\/fr\\\/#organization\"},\"potentialAction\":[{\"@type\":\"SearchAction\",\"target\":{\"@type\":\"EntryPoint\",\"urlTemplate\":\"https:\\\/\\\/miralia.ai\\\/fr\\\/?s={search_term_string}\"},\"query-input\":{\"@type\":\"PropertyValueSpecification\",\"valueRequired\":true,\"valueName\":\"search_term_string\"}}],\"inLanguage\":\"en-US\"},{\"@type\":\"Organization\",\"@id\":\"https:\\\/\\\/miralia.ai\\\/fr\\\/#organization\",\"name\":\"Miralia\",\"url\":\"https:\\\/\\\/miralia.ai\\\/fr\\\/\",\"logo\":{\"@type\":\"ImageObject\",\"inLanguage\":\"en-US\",\"@id\":\"https:\\\/\\\/miralia.ai\\\/fr\\\/#\\\/schema\\\/logo\\\/image\\\/\",\"url\":\"https:\\\/\\\/golem-ai-website-wordpress-prod.s3.fr-par.scw.cloud\\\/wp-content\\\/uploads\\\/2026\\\/01\\\/07142128\\\/Logo-Miralia.png\",\"contentUrl\":\"https:\\\/\\\/golem-ai-website-wordpress-prod.s3.fr-par.scw.cloud\\\/wp-content\\\/uploads\\\/2026\\\/01\\\/07142128\\\/Logo-Miralia.png\",\"width\":1061,\"height\":211,\"caption\":\"Miralia\"},\"image\":{\"@id\":\"https:\\\/\\\/miralia.ai\\\/fr\\\/#\\\/schema\\\/logo\\\/image\\\/\"},\"sameAs\":[\"https:\\\/\\\/x.com\\\/miralia_ai\",\"https:\\\/\\\/www.linkedin.com\\\/company\\\/miralia\\\/\"]},{\"@type\":\"Person\",\"@id\":\"https:\\\/\\\/miralia.ai\\\/fr\\\/#\\\/schema\\\/person\\\/a25711a1713dceec302b048e7a97f063\",\"name\":\"Thomas Leduc\",\"image\":{\"@type\":\"ImageObject\",\"inLanguage\":\"en-US\",\"@id\":\"https:\\\/\\\/golem-ai-website-wordpress-prod.s3.fr-par.scw.cloud\\\/wp-content\\\/uploads\\\/2021\\\/10\\\/06140903\\\/photo-thomas-leduc-150x150.png\",\"url\":\"https:\\\/\\\/golem-ai-website-wordpress-prod.s3.fr-par.scw.cloud\\\/wp-content\\\/uploads\\\/2021\\\/10\\\/06140903\\\/photo-thomas-leduc-150x150.png\",\"contentUrl\":\"https:\\\/\\\/golem-ai-website-wordpress-prod.s3.fr-par.scw.cloud\\\/wp-content\\\/uploads\\\/2021\\\/10\\\/06140903\\\/photo-thomas-leduc-150x150.png\",\"caption\":\"Thomas Leduc\"},\"url\":\"https:\\\/\\\/miralia.ai\\\/en\\\/auteur\\\/thomasl\"}]}<\/script>\n<!-- \/ Yoast SEO plugin. -->","yoast_head_json":{"title":"ai-PULSE : Annonces majeures de la premi\u00e8re conf\u00e9rence IA d'Europe","description":"Retour sur l\u2019ai-PULSE : leaders de l'IA, innovations majeures et l\u2019utilisation de l\u2019IA dans les march\u00e9s sensibles","robots":{"index":"index","follow":"follow","max-snippet":"max-snippet:-1","max-image-preview":"max-image-preview:large","max-video-preview":"max-video-preview:-1"},"canonical":"https:\/\/miralia.ai\/en\/blog\/retour-sur-la-premiere-conference-ia-deurope-ai-pulse-par-scaleway\/","og_locale":"en_US","og_type":"article","og_title":"ai-PULSE : Annonces majeures de la premi\u00e8re conf\u00e9rence IA d'Europe","og_description":"Retour sur l\u2019ai-PULSE : leaders de l'IA, innovations majeures et l\u2019utilisation de l\u2019IA dans les march\u00e9s sensibles","og_url":"https:\/\/miralia.ai\/en\/blog\/retour-sur-la-premiere-conference-ia-deurope-ai-pulse-par-scaleway\/","og_site_name":"Miralia.ai","article_published_time":"2023-11-23T09:53:09+00:00","article_modified_time":"2023-11-23T14:16:15+00:00","og_image":[{"url":"https:\/\/golem-ai-website-wordpress-prod.s3.fr-par.scw.cloud\/wp-content\/uploads\/2023\/11\/23104316\/Blog-ai-pulse-debrief-RS.png","width":"","height":"","type":"image\/png"}],"author":"Thomas Leduc","twitter_card":"summary_large_image","twitter_creator":"@miralia_ai","twitter_site":"@miralia_ai","schema":{"@context":"https:\/\/schema.org","@graph":[{"@type":"Article","@id":"https:\/\/miralia.ai\/blog\/retour-sur-la-premiere-conference-ia-deurope-ai-pulse-par-scaleway#article","isPartOf":{"@id":"https:\/\/miralia.ai\/blog\/retour-sur-la-premiere-conference-ia-deurope-ai-pulse-par-scaleway"},"author":{"name":"Thomas Leduc","@id":"https:\/\/miralia.ai\/fr\/#\/schema\/person\/a25711a1713dceec302b048e7a97f063"},"headline":"Retour sur la premi\u00e8re conf\u00e9rence IA d\u2019Europe : ai-PULSE par Scaleway","datePublished":"2023-11-23T09:53:09+00:00","dateModified":"2023-11-23T14:16:15+00:00","mainEntityOfPage":{"@id":"https:\/\/miralia.ai\/blog\/retour-sur-la-premiere-conference-ia-deurope-ai-pulse-par-scaleway"},"wordCount":907,"publisher":{"@id":"https:\/\/miralia.ai\/fr\/#organization"},"image":{"@id":"https:\/\/miralia.ai\/blog\/retour-sur-la-premiere-conference-ia-deurope-ai-pulse-par-scaleway#primaryimage"},"thumbnailUrl":"https:\/\/golem-ai-website-wordpress-prod.s3.fr-par.scw.cloud\/wp-content\/uploads\/2023\/11\/23104819\/Blog-debrief-ai-Pulse-PB.png","articleSection":["Blog","Ev\u00e9nements"],"inLanguage":"en-US"},{"@type":"WebPage","@id":"https:\/\/miralia.ai\/blog\/retour-sur-la-premiere-conference-ia-deurope-ai-pulse-par-scaleway","url":"https:\/\/miralia.ai\/blog\/retour-sur-la-premiere-conference-ia-deurope-ai-pulse-par-scaleway","name":"ai-PULSE : Annonces majeures de la premi\u00e8re conf\u00e9rence IA d'Europe","isPartOf":{"@id":"https:\/\/miralia.ai\/fr\/#website"},"primaryImageOfPage":{"@id":"https:\/\/miralia.ai\/blog\/retour-sur-la-premiere-conference-ia-deurope-ai-pulse-par-scaleway#primaryimage"},"image":{"@id":"https:\/\/miralia.ai\/blog\/retour-sur-la-premiere-conference-ia-deurope-ai-pulse-par-scaleway#primaryimage"},"thumbnailUrl":"https:\/\/golem-ai-website-wordpress-prod.s3.fr-par.scw.cloud\/wp-content\/uploads\/2023\/11\/23104819\/Blog-debrief-ai-Pulse-PB.png","datePublished":"2023-11-23T09:53:09+00:00","dateModified":"2023-11-23T14:16:15+00:00","description":"Retour sur l\u2019ai-PULSE : leaders de l'IA, innovations majeures et l\u2019utilisation de l\u2019IA dans les march\u00e9s sensibles","inLanguage":"en-US","potentialAction":[{"@type":"ReadAction","target":["https:\/\/miralia.ai\/blog\/retour-sur-la-premiere-conference-ia-deurope-ai-pulse-par-scaleway"]}]},{"@type":"ImageObject","inLanguage":"en-US","@id":"https:\/\/miralia.ai\/blog\/retour-sur-la-premiere-conference-ia-deurope-ai-pulse-par-scaleway#primaryimage","url":"https:\/\/golem-ai-website-wordpress-prod.s3.fr-par.scw.cloud\/wp-content\/uploads\/2023\/11\/23104316\/Blog-ai-pulse-debrief-RS.png","contentUrl":"https:\/\/golem-ai-website-wordpress-prod.s3.fr-par.scw.cloud\/wp-content\/uploads\/2023\/11\/23104316\/Blog-ai-pulse-debrief-RS.png","width":"","height":"","caption":"D\u00e9brief de Golem.ai pour l'ai-PULSE"},{"@type":"WebSite","@id":"https:\/\/miralia.ai\/fr\/#website","url":"https:\/\/miralia.ai\/fr\/","name":"Miralia.ai","description":"","publisher":{"@id":"https:\/\/miralia.ai\/fr\/#organization"},"potentialAction":[{"@type":"SearchAction","target":{"@type":"EntryPoint","urlTemplate":"https:\/\/miralia.ai\/fr\/?s={search_term_string}"},"query-input":{"@type":"PropertyValueSpecification","valueRequired":true,"valueName":"search_term_string"}}],"inLanguage":"en-US"},{"@type":"Organization","@id":"https:\/\/miralia.ai\/fr\/#organization","name":"Miralia","url":"https:\/\/miralia.ai\/fr\/","logo":{"@type":"ImageObject","inLanguage":"en-US","@id":"https:\/\/miralia.ai\/fr\/#\/schema\/logo\/image\/","url":"https:\/\/golem-ai-website-wordpress-prod.s3.fr-par.scw.cloud\/wp-content\/uploads\/2026\/01\/07142128\/Logo-Miralia.png","contentUrl":"https:\/\/golem-ai-website-wordpress-prod.s3.fr-par.scw.cloud\/wp-content\/uploads\/2026\/01\/07142128\/Logo-Miralia.png","width":1061,"height":211,"caption":"Miralia"},"image":{"@id":"https:\/\/miralia.ai\/fr\/#\/schema\/logo\/image\/"},"sameAs":["https:\/\/x.com\/miralia_ai","https:\/\/www.linkedin.com\/company\/miralia\/"]},{"@type":"Person","@id":"https:\/\/miralia.ai\/fr\/#\/schema\/person\/a25711a1713dceec302b048e7a97f063","name":"Thomas Leduc","image":{"@type":"ImageObject","inLanguage":"en-US","@id":"https:\/\/golem-ai-website-wordpress-prod.s3.fr-par.scw.cloud\/wp-content\/uploads\/2021\/10\/06140903\/photo-thomas-leduc-150x150.png","url":"https:\/\/golem-ai-website-wordpress-prod.s3.fr-par.scw.cloud\/wp-content\/uploads\/2021\/10\/06140903\/photo-thomas-leduc-150x150.png","contentUrl":"https:\/\/golem-ai-website-wordpress-prod.s3.fr-par.scw.cloud\/wp-content\/uploads\/2021\/10\/06140903\/photo-thomas-leduc-150x150.png","caption":"Thomas Leduc"},"url":"https:\/\/miralia.ai\/en\/auteur\/thomasl"}]}},"_links":{"self":[{"href":"https:\/\/miralia.ai\/en\/wp-json\/wp\/v2\/posts\/23593","targetHints":{"allow":["GET"]}}],"collection":[{"href":"https:\/\/miralia.ai\/en\/wp-json\/wp\/v2\/posts"}],"about":[{"href":"https:\/\/miralia.ai\/en\/wp-json\/wp\/v2\/types\/post"}],"author":[{"embeddable":true,"href":"https:\/\/miralia.ai\/en\/wp-json\/wp\/v2\/users\/3"}],"replies":[{"embeddable":true,"href":"https:\/\/miralia.ai\/en\/wp-json\/wp\/v2\/comments?post=23593"}],"version-history":[{"count":2,"href":"https:\/\/miralia.ai\/en\/wp-json\/wp\/v2\/posts\/23593\/revisions"}],"predecessor-version":[{"id":23612,"href":"https:\/\/miralia.ai\/en\/wp-json\/wp\/v2\/posts\/23593\/revisions\/23612"}],"wp:featuredmedia":[{"embeddable":true,"href":"https:\/\/miralia.ai\/en\/wp-json\/wp\/v2\/media\/23606"}],"wp:attachment":[{"href":"https:\/\/miralia.ai\/en\/wp-json\/wp\/v2\/media?parent=23593"}],"wp:term":[{"taxonomy":"category","embeddable":true,"href":"https:\/\/miralia.ai\/en\/wp-json\/wp\/v2\/categories?post=23593"},{"taxonomy":"post_tag","embeddable":true,"href":"https:\/\/miralia.ai\/en\/wp-json\/wp\/v2\/tags?post=23593"}],"curies":[{"name":"wp","href":"https:\/\/api.w.org\/{rel}","templated":true}]}}