{"id":18983,"date":"2023-05-19T11:46:45","date_gmt":"2023-05-19T09:46:45","guid":{"rendered":"https:\/\/golem.ai\/?p=18983"},"modified":"2025-12-11T17:21:50","modified_gmt":"2025-12-11T16:21:50","slug":"ia-act-europe","status":"publish","type":"post","link":"https:\/\/miralia.ai\/en\/blog\/ia-act-europe","title":{"rendered":"IA Act : Une avanc\u00e9e optimiste vers une r\u00e9gulation ad\u00e9quate de l&rsquo;IA en Europe ?"},"content":{"rendered":"<p><em>Dans un monde en perp\u00e9tuel \u00e9volution,<\/em><strong><em> artificial intelligence <\/em><\/strong><em>(IA) est en train de remodeler de nombreux aspects de notre quotidien. Elle promet <\/em><strong><em>d&rsquo;immenses avanc\u00e9es<\/em><\/strong><em> dans de nombreux domaines, de la sant\u00e9 \u00e0 l&rsquo;\u00e9ducation, en passant par les transports et la s\u00e9curit\u00e9. Toutefois, cette technologie de pointe soul\u00e8ve \u00e9galement des questions cruciales sur<\/em><strong><em> la s\u00e9curit\u00e9<\/em><\/strong><em>, <\/em><strong><em>l&rsquo;\u00e9thique<\/em><\/strong><em> and <\/em><strong><em>la r\u00e9gulation<\/em><\/strong><em>. Pour relever ces d\u00e9fis, <\/em><strong><em>l&rsquo;Union Europ\u00e9enne<\/em><\/strong><em> (UE) a mis en place une l\u00e9gislation sous le nom d<\/em><strong><em>&lsquo;IA Act qui aboutira cet \u00e9t\u00e9<\/em><\/strong><em>. Mais de quoi s\u2019agit-il dans les faits ?&nbsp;<\/em><\/p>\n\n\n\n<h2 class=\"wp-block-heading\"><strong>Qu&rsquo;est-ce que l&rsquo;IA Act ?<\/strong><\/h2>\n\n\n\n<p>Lanc\u00e9 par la <strong>Commission Europ\u00e9enne<\/strong> en avril 2021, l&rsquo;IA Act est un projet de loi ambitieux qui vise \u00e0 r\u00e9guler l&rsquo;utilisation de l&rsquo;intelligence artificielle au sein des 27 pays de l&rsquo;UE. Apr\u00e8s deux ann\u00e9es de d\u00e9bats et de n\u00e9gociations rigoureuses, une \u00e9tape cruciale a \u00e9t\u00e9 franchie le<strong> 14 juin 2023<\/strong>, lorsque le Parlement europ\u00e9en a largement <strong>approuv\u00e9<\/strong> ce texte, pavant la voie \u00e0 des discussions ult\u00e9rieures entre les \u00c9tats membres pour peaufiner cette l\u00e9gislation. Cette initiative vise non seulement \u00e0 limiter les risques inh\u00e9rents \u00e0 ces technologies novatrices pour les utilisateurs europ\u00e9ens, mais aussi \u00e0 encourager l&rsquo;innovation dans un secteur largement domin\u00e9 par les firmes am\u00e9ricaines.<\/p>\n\n\n\n<h2 class=\"wp-block-heading\"><strong>Les objectifs de l&rsquo;IA Act<\/strong><\/h2>\n\n\n\n<p>L&rsquo;IA Act aspire \u00e0 instaurer un <strong>\u00e9quilibre<\/strong> d\u00e9licat entre la <strong>pr\u00e9vention des abus potentiels <\/strong>de l&rsquo;IA et la <strong>promotion de l&rsquo;innovation<\/strong>. Il s&rsquo;efforce de prot\u00e9ger les droits civils tout en stimulant l&rsquo;innovation et la croissance \u00e9conomique. Comme l&rsquo;a soulign\u00e9 l&rsquo;eurod\u00e9put\u00e9e allemande <a href=\"https:\/\/www.europarl.europa.eu\/meps\/en\/197444\/SVENJA_HAHN\/home\">Svenja Hahn<\/a> : <em>\u00ab Nous avons r\u00e9ussi \u00e0 trouver un compromis qui r\u00e9glemente l&rsquo;IA de mani\u00e8re proportionn\u00e9e, prot\u00e8ge les droits civils et stimule l&rsquo;innovation et l&rsquo;\u00e9conomie \u00bb<\/em>. Ce compromis vise \u00e0 garantir que l&rsquo;Europe reste \u00e0 la pointe ces technologies, tout en prot\u00e9geant les int\u00e9r\u00eats de ses citoyens.&nbsp;<\/p>\n\n\n\n<p>R\u00e9cemment ajout\u00e9 \u00e0 la proposition de loi du 14 Juin 2023, l&rsquo;<strong>interdiction des syst\u00e8mes de notation sociale<\/strong>, des outils exploitant les <strong>vuln\u00e9rabilit\u00e9s <\/strong>li\u00e9es \u00e0 l&rsquo;\u00e2ge ou aux handicaps, et des syst\u00e8mes d&rsquo;IA de <strong>police pr\u00e9dictive<\/strong> and <strong>reconnaissance biom\u00e9trique <\/strong>\u00e0 distance dans des espaces publics \u00e0 des fins r\u00e9pressives, t\u00e9moigne de l&rsquo;engagement de l&rsquo;UE \u00e0 pr\u00e9server les droits fondamentaux.<\/p>\n\n\n\n<h2 class=\"wp-block-heading\"><strong>Mise en \u0153uvre de l&rsquo;IA Act<\/strong><\/h2>\n\n\n\n<p>L&rsquo;IA Act adopte une approche bas\u00e9e sur <strong>le risque pour r\u00e9guler l&rsquo;IA<\/strong>. Il cat\u00e9gorise diff\u00e9rentes applications de l&rsquo;IA en fonction de leur <strong>niveau de risque<\/strong> et impose des obligations appropri\u00e9es aux fournisseurs et utilisateurs de l&rsquo;IA. Par exemple, les applications d&rsquo;IA consid\u00e9r\u00e9es comme <strong>\u00ab \u00e0 risque \u00bb<\/strong> \u2013 telles que celles utilis\u00e9es dans les<strong> infrastructures critiques<\/strong>, l&rsquo;<strong>\u00e9ducation<\/strong>, les <strong>ressources humaines<\/strong>, le maintien de l&rsquo;<strong>ordre<\/strong> ou la<strong> gestion des migrations <\/strong>\u2013 doivent se conformer \u00e0 des exigences rigoureuses. Ces exigences comprennent le <strong>maintien d&rsquo;un contr\u00f4le humain<\/strong>, la mise en place d&rsquo;une <strong>documentation technique<\/strong> appropri\u00e9e et d&rsquo;un syst\u00e8me de <strong>gestion des risques efficace<\/strong>. Leur conformit\u00e9 sera supervis\u00e9e par des autorit\u00e9s de surveillance dans chaque pays membre, garantissant ainsi une mise en \u0153uvre uniforme et efficace \u00e0 travers l&rsquo;Europe. Cette strat\u00e9gie vise \u00e0 pr\u00e9venir les abus tout en encourageant une <strong>adoption responsable et innovante de la technologie IA<\/strong>.<\/p>\n\n\n\n<h2 class=\"wp-block-heading\"><strong>Les prochaines \u00e9tapes<\/strong><\/h2>\n\n\n\n<p>Apr\u00e8s l&rsquo;adoption significative du 14 juin 2023, le projet de r\u00e9gulation de l&rsquo;IA entre dans une phase cruciale de n\u00e9gociations entre les \u00c9tats membres pour finaliser la l\u00e9gislation. Le texte, qui a d\u00e9j\u00e0 subi de nombreuses modifications, est pr\u00e9vu pour \u00eatre finalis\u00e9 d&rsquo;ici la fin de l&rsquo;ann\u00e9e, inaugurant ainsi une <strong>nouvelle \u00e8re de r\u00e9gulation de l&rsquo;IA en Europe<\/strong>. Les pays membres de l&rsquo;UE auront jusqu&rsquo;en 2026 pour int\u00e9grer les exigences de l&rsquo;IA Act dans leur l\u00e9gislation nationale. Cela signifie que les entreprises et les utilisateurs d&rsquo;IA devront se pr\u00e9parer \u00e0 ces nouvelles r\u00e8gles dans un avenir proche. Comme l&rsquo;Europe aspire \u00e0 influencer <strong>les normes internationales<\/strong> \u00e0 venir, \u00e0 l&rsquo;instar du <strong>GDPR<\/strong> pour la protection des donn\u00e9es, il est imp\u00e9ratif que ces r\u00e9glementations \u00e9voluent en parall\u00e8le avec les avanc\u00e9es rapides dans le domaine de l&rsquo;intelligence artificielle, garantissant ainsi une utilisation \u00e9thique et s\u00fbre de cette technologie r\u00e9volutionnaire.<\/p>\n\n\n\n<figure class=\"wp-block-image size-full\"><img fetchpriority=\"high\" decoding=\"async\" width=\"1024\" height=\"382\" src=\"https:\/\/golem-ai-website-wordpress-prod.s3.fr-par.scw.cloud\/wp-content\/uploads\/2023\/09\/11151049\/parlementeuropeen.jpg\" alt=\"\" class=\"wp-image-20825\" srcset=\"https:\/\/golem-ai-website-wordpress-prod.s3.fr-par.scw.cloud\/wp-content\/uploads\/2023\/09\/11151049\/parlementeuropeen-300x112.jpg 300w, https:\/\/golem-ai-website-wordpress-prod.s3.fr-par.scw.cloud\/wp-content\/uploads\/2023\/09\/11151049\/parlementeuropeen-768x287.jpg 768w, https:\/\/golem-ai-website-wordpress-prod.s3.fr-par.scw.cloud\/wp-content\/uploads\/2023\/09\/11151049\/parlementeuropeen-18x7.jpg 18w, https:\/\/golem-ai-website-wordpress-prod.s3.fr-par.scw.cloud\/wp-content\/uploads\/2023\/09\/11151049\/parlementeuropeen.jpg 1024w\" sizes=\"(max-width: 1024px) 100vw, 1024px\" \/><\/figure>\n\n\n\n<h2 class=\"wp-block-heading\"><strong>Impact potentiel de l&rsquo;IA Act<\/strong><\/h2>\n\n\n\n<p>Le passage de l&rsquo;IA Act marquera un <strong>tournant pour la technologie de l&rsquo;IA<\/strong> en Europe. Les entreprises qui d\u00e9veloppent ou utilisent l&rsquo;IA devront s&rsquo;assurer qu&rsquo;elles respectent les nouvelles r\u00e8gles. Cela pourrait entra\u00eener d<strong>es co\u00fbts suppl\u00e9mentaires<\/strong> pour la mise en conformit\u00e9, mais cela devrait \u00e9galement apporter<strong> une plus grande confiance du public<\/strong> dans l&rsquo;utilisation de l&rsquo;IA, car les consommateurs seront assur\u00e9s que les produits et services bas\u00e9s sur l&rsquo;IA respectent les normes les plus \u00e9lev\u00e9es en mati\u00e8re <strong>d&rsquo;\u00e9thique<\/strong> and<strong> de s\u00e9curit\u00e9<\/strong>.<\/p>\n\n\n\n<p>&nbsp;Du point de vue des entreprises productrices de solutions d\u2019intelligences artificielles, les impacts restent difficiles \u00e0 pr\u00e9voir. Ils pourront \u00eatre punitifs vis \u00e0 vis de certaines technologies consommatrices de donn\u00e9es (machine learning\u2026), ou au contraire favoriser des IA explicable \u201cby design\u201d comme les solutions dites \u201c<a href=\"https:\/\/golem.ai\/fr\/blog\/technologie\/ia-symbolique-machinelearning-nlp\">symboliques<\/a>\u201d.&nbsp;<\/p>\n\n\n\n<p><em>L&rsquo;adoption de l&rsquo;IA Act par l&rsquo;UE est une \u00e9tape importante vers la cr\u00e9ation d&rsquo;un cadre r\u00e9glementaire robuste pour l&rsquo;IA. Elle repr\u00e9sente une tentative ambitieuse d&rsquo;\u00e9quilibrer les imp\u00e9ratifs de protection des consommateurs et de stimulation de l&rsquo;innovation, tout en restant concurrentiel vis-\u00e0-vis d\u2019autres pays hors UE. Alors que nous entrons dans <\/em><strong><em>une \u00e8re d&rsquo;intelligence artificielle omnipr\u00e9sente<\/em><\/strong><em>, tant pour les IA g\u00e9n\u00e9ratives qu\u2019analytiques, il est crucial de mettre en place des r\u00e9glementations ad\u00e9quates pour assurer une utilisation \u00e9thique et s\u00fbre de cette technologie r\u00e9volutionnaire. Mais comment seront-elles appliqu\u00e9es ? Quels seront les impacts r\u00e9els sur les entreprises ? L\u2019ann\u00e9e sera dans tous les cas d\u00e9cisive pour l\u2019application de l\u2019IA Act en Europe.&nbsp;<\/em><\/p>\n\n\n\n<p><\/p>\n<!-- AddThis Advanced Settings generic via filter on the_content --><!-- AddThis Share Buttons generic via filter on the_content -->","protected":false},"excerpt":{"rendered":"<p>D\u00e9couvrez comment l&rsquo;IA Act europ\u00e9en va transformer l&rsquo;avenir de la technologie de l&rsquo;IA, en \u00e9quilibrant protection des consommateurs et innovation<!-- AddThis Advanced Settings generic via filter on get_the_excerpt --><!-- AddThis Share Buttons generic via filter on get_the_excerpt --><\/p>","protected":false},"author":15,"featured_media":20820,"comment_status":"closed","ping_status":"closed","sticky":false,"template":"","format":"standard","meta":{"_acf_changed":false,"content-type":"","footnotes":""},"categories":[68],"tags":[77,146,76,167,75],"class_list":["post-18983","post","type-post","status-publish","format-standard","has-post-thumbnail","hentry","category-blog","tag-ai","tag-europe","tag-ia","tag-iaact","tag-intelligence-artificielle"],"acf":[],"yoast_head":"<!-- This site is optimized with the Yoast SEO plugin v27.5 - https:\/\/yoast.com\/product\/yoast-seo-wordpress\/ -->\n<title>L&#039;IA Act en Europe : vers une r\u00e9gulation \u00e9thique de l&#039;IA ?<\/title>\n<meta name=\"description\" content=\"L&#039;IA Act europ\u00e9en promet une r\u00e9gulation \u00e9thique de l&#039;IA, prot\u00e9geant les consommateurs tout en favorisant l&#039;innovation.\" \/>\n<meta name=\"robots\" content=\"index, follow, max-snippet:-1, max-image-preview:large, max-video-preview:-1\" \/>\n<link rel=\"canonical\" href=\"https:\/\/miralia.ai\/en\/blog\/ia-act-europe\/\" \/>\n<meta property=\"og:locale\" content=\"en_US\" \/>\n<meta property=\"og:type\" content=\"article\" \/>\n<meta property=\"og:title\" content=\"IA Act Europ\u00e9en : l&#039;Avenir de la r\u00e9gulation de l&#039;IA\" \/>\n<meta property=\"og:description\" content=\"D\u00e9couvrez l&#039;impact de l&#039;IA Act sur la technologie de l&#039;IA en Europe, en favorisant la confiance du public et stimulant l&#039;innovation\" \/>\n<meta property=\"og:url\" content=\"https:\/\/miralia.ai\/en\/blog\/ia-act-europe\/\" \/>\n<meta property=\"og:site_name\" content=\"Miralia.ai\" \/>\n<meta property=\"article:published_time\" content=\"2023-05-19T09:46:45+00:00\" \/>\n<meta property=\"article:modified_time\" content=\"2025-12-11T16:21:50+00:00\" \/>\n<meta property=\"og:image\" content=\"https:\/\/golem-ai-website-wordpress-prod.s3.fr-par.scw.cloud\/wp-content\/uploads\/2023\/09\/11150456\/IAActRS.png\" \/>\n\t<meta property=\"og:image:type\" content=\"image\/png\" \/>\n<meta name=\"author\" content=\"Hector Merindol\" \/>\n<meta name=\"twitter:card\" content=\"summary_large_image\" \/>\n<meta name=\"twitter:creator\" content=\"@miralia_ai\" \/>\n<meta name=\"twitter:site\" content=\"@miralia_ai\" \/>\n<script type=\"application\/ld+json\" class=\"yoast-schema-graph\">{\"@context\":\"https:\\\/\\\/schema.org\",\"@graph\":[{\"@type\":\"Article\",\"@id\":\"https:\\\/\\\/miralia.ai\\\/blog\\\/ia-act-europe#article\",\"isPartOf\":{\"@id\":\"https:\\\/\\\/miralia.ai\\\/blog\\\/ia-act-europe\"},\"author\":{\"name\":\"Hector Merindol\",\"@id\":\"https:\\\/\\\/miralia.ai\\\/fr\\\/#\\\/schema\\\/person\\\/645b9172a0864b93b05e6d99724763fa\"},\"headline\":\"IA Act : Une avanc\u00e9e optimiste vers une r\u00e9gulation ad\u00e9quate de l&rsquo;IA en Europe ?\",\"datePublished\":\"2023-05-19T09:46:45+00:00\",\"dateModified\":\"2025-12-11T16:21:50+00:00\",\"mainEntityOfPage\":{\"@id\":\"https:\\\/\\\/miralia.ai\\\/blog\\\/ia-act-europe\"},\"wordCount\":1056,\"publisher\":{\"@id\":\"https:\\\/\\\/miralia.ai\\\/fr\\\/#organization\"},\"image\":{\"@id\":\"https:\\\/\\\/miralia.ai\\\/blog\\\/ia-act-europe#primaryimage\"},\"thumbnailUrl\":\"https:\\\/\\\/golem-ai-website-wordpress-prod.s3.fr-par.scw.cloud\\\/wp-content\\\/uploads\\\/2023\\\/09\\\/11150512\\\/IAact-PB.png\",\"keywords\":[\"AI\",\"europe\",\"IA\",\"IAAct\",\"intelligence artificielle\"],\"articleSection\":[\"Blog\"],\"inLanguage\":\"en-US\"},{\"@type\":\"WebPage\",\"@id\":\"https:\\\/\\\/miralia.ai\\\/blog\\\/ia-act-europe\",\"url\":\"https:\\\/\\\/miralia.ai\\\/blog\\\/ia-act-europe\",\"name\":\"L'IA Act en Europe : vers une r\u00e9gulation \u00e9thique de l'IA ?\",\"isPartOf\":{\"@id\":\"https:\\\/\\\/miralia.ai\\\/fr\\\/#website\"},\"primaryImageOfPage\":{\"@id\":\"https:\\\/\\\/miralia.ai\\\/blog\\\/ia-act-europe#primaryimage\"},\"image\":{\"@id\":\"https:\\\/\\\/miralia.ai\\\/blog\\\/ia-act-europe#primaryimage\"},\"thumbnailUrl\":\"https:\\\/\\\/golem-ai-website-wordpress-prod.s3.fr-par.scw.cloud\\\/wp-content\\\/uploads\\\/2023\\\/09\\\/11150512\\\/IAact-PB.png\",\"datePublished\":\"2023-05-19T09:46:45+00:00\",\"dateModified\":\"2025-12-11T16:21:50+00:00\",\"description\":\"L'IA Act europ\u00e9en promet une r\u00e9gulation \u00e9thique de l'IA, prot\u00e9geant les consommateurs tout en favorisant l'innovation.\",\"inLanguage\":\"en-US\",\"potentialAction\":[{\"@type\":\"ReadAction\",\"target\":[\"https:\\\/\\\/miralia.ai\\\/blog\\\/ia-act-europe\"]}]},{\"@type\":\"ImageObject\",\"inLanguage\":\"en-US\",\"@id\":\"https:\\\/\\\/miralia.ai\\\/blog\\\/ia-act-europe#primaryimage\",\"url\":\"https:\\\/\\\/golem-ai-website-wordpress-prod.s3.fr-par.scw.cloud\\\/wp-content\\\/uploads\\\/2023\\\/09\\\/11150456\\\/IAActRS.png\",\"contentUrl\":\"https:\\\/\\\/golem-ai-website-wordpress-prod.s3.fr-par.scw.cloud\\\/wp-content\\\/uploads\\\/2023\\\/09\\\/11150456\\\/IAActRS.png\",\"width\":\"\",\"height\":\"\"},{\"@type\":\"WebSite\",\"@id\":\"https:\\\/\\\/miralia.ai\\\/fr\\\/#website\",\"url\":\"https:\\\/\\\/miralia.ai\\\/fr\\\/\",\"name\":\"Miralia.ai\",\"description\":\"\",\"publisher\":{\"@id\":\"https:\\\/\\\/miralia.ai\\\/fr\\\/#organization\"},\"potentialAction\":[{\"@type\":\"SearchAction\",\"target\":{\"@type\":\"EntryPoint\",\"urlTemplate\":\"https:\\\/\\\/miralia.ai\\\/fr\\\/?s={search_term_string}\"},\"query-input\":{\"@type\":\"PropertyValueSpecification\",\"valueRequired\":true,\"valueName\":\"search_term_string\"}}],\"inLanguage\":\"en-US\"},{\"@type\":\"Organization\",\"@id\":\"https:\\\/\\\/miralia.ai\\\/fr\\\/#organization\",\"name\":\"Miralia\",\"url\":\"https:\\\/\\\/miralia.ai\\\/fr\\\/\",\"logo\":{\"@type\":\"ImageObject\",\"inLanguage\":\"en-US\",\"@id\":\"https:\\\/\\\/miralia.ai\\\/fr\\\/#\\\/schema\\\/logo\\\/image\\\/\",\"url\":\"https:\\\/\\\/golem-ai-website-wordpress-prod.s3.fr-par.scw.cloud\\\/wp-content\\\/uploads\\\/2026\\\/01\\\/07142128\\\/Logo-Miralia.png\",\"contentUrl\":\"https:\\\/\\\/golem-ai-website-wordpress-prod.s3.fr-par.scw.cloud\\\/wp-content\\\/uploads\\\/2026\\\/01\\\/07142128\\\/Logo-Miralia.png\",\"width\":1061,\"height\":211,\"caption\":\"Miralia\"},\"image\":{\"@id\":\"https:\\\/\\\/miralia.ai\\\/fr\\\/#\\\/schema\\\/logo\\\/image\\\/\"},\"sameAs\":[\"https:\\\/\\\/x.com\\\/miralia_ai\",\"https:\\\/\\\/www.linkedin.com\\\/company\\\/miralia\\\/\"]},{\"@type\":\"Person\",\"@id\":\"https:\\\/\\\/miralia.ai\\\/fr\\\/#\\\/schema\\\/person\\\/645b9172a0864b93b05e6d99724763fa\",\"name\":\"Hector Merindol\",\"image\":{\"@type\":\"ImageObject\",\"inLanguage\":\"en-US\",\"@id\":\"https:\\\/\\\/golem-ai-website-wordpress-prod.s3.fr-par.scw.cloud\\\/wp-content\\\/uploads\\\/2023\\\/01\\\/10165407\\\/hector-merindol-1-150x150.png\",\"url\":\"https:\\\/\\\/golem-ai-website-wordpress-prod.s3.fr-par.scw.cloud\\\/wp-content\\\/uploads\\\/2023\\\/01\\\/10165407\\\/hector-merindol-1-150x150.png\",\"contentUrl\":\"https:\\\/\\\/golem-ai-website-wordpress-prod.s3.fr-par.scw.cloud\\\/wp-content\\\/uploads\\\/2023\\\/01\\\/10165407\\\/hector-merindol-1-150x150.png\",\"caption\":\"Hector Merindol\"},\"url\":\"https:\\\/\\\/miralia.ai\\\/en\\\/auteur\\\/hector\"}]}<\/script>\n<!-- \/ Yoast SEO plugin. -->","yoast_head_json":{"title":"L'IA Act en Europe : vers une r\u00e9gulation \u00e9thique de l'IA ?","description":"L'IA Act europ\u00e9en promet une r\u00e9gulation \u00e9thique de l'IA, prot\u00e9geant les consommateurs tout en favorisant l'innovation.","robots":{"index":"index","follow":"follow","max-snippet":"max-snippet:-1","max-image-preview":"max-image-preview:large","max-video-preview":"max-video-preview:-1"},"canonical":"https:\/\/miralia.ai\/en\/blog\/ia-act-europe\/","og_locale":"en_US","og_type":"article","og_title":"IA Act Europ\u00e9en : l'Avenir de la r\u00e9gulation de l'IA","og_description":"D\u00e9couvrez l'impact de l'IA Act sur la technologie de l'IA en Europe, en favorisant la confiance du public et stimulant l'innovation","og_url":"https:\/\/miralia.ai\/en\/blog\/ia-act-europe\/","og_site_name":"Miralia.ai","article_published_time":"2023-05-19T09:46:45+00:00","article_modified_time":"2025-12-11T16:21:50+00:00","og_image":[{"url":"https:\/\/golem-ai-website-wordpress-prod.s3.fr-par.scw.cloud\/wp-content\/uploads\/2023\/09\/11150456\/IAActRS.png","width":"","height":"","type":"image\/png"}],"author":"Hector Merindol","twitter_card":"summary_large_image","twitter_creator":"@miralia_ai","twitter_site":"@miralia_ai","schema":{"@context":"https:\/\/schema.org","@graph":[{"@type":"Article","@id":"https:\/\/miralia.ai\/blog\/ia-act-europe#article","isPartOf":{"@id":"https:\/\/miralia.ai\/blog\/ia-act-europe"},"author":{"name":"Hector Merindol","@id":"https:\/\/miralia.ai\/fr\/#\/schema\/person\/645b9172a0864b93b05e6d99724763fa"},"headline":"IA Act : Une avanc\u00e9e optimiste vers une r\u00e9gulation ad\u00e9quate de l&rsquo;IA en Europe ?","datePublished":"2023-05-19T09:46:45+00:00","dateModified":"2025-12-11T16:21:50+00:00","mainEntityOfPage":{"@id":"https:\/\/miralia.ai\/blog\/ia-act-europe"},"wordCount":1056,"publisher":{"@id":"https:\/\/miralia.ai\/fr\/#organization"},"image":{"@id":"https:\/\/miralia.ai\/blog\/ia-act-europe#primaryimage"},"thumbnailUrl":"https:\/\/golem-ai-website-wordpress-prod.s3.fr-par.scw.cloud\/wp-content\/uploads\/2023\/09\/11150512\/IAact-PB.png","keywords":["AI","europe","IA","IAAct","intelligence artificielle"],"articleSection":["Blog"],"inLanguage":"en-US"},{"@type":"WebPage","@id":"https:\/\/miralia.ai\/blog\/ia-act-europe","url":"https:\/\/miralia.ai\/blog\/ia-act-europe","name":"L'IA Act en Europe : vers une r\u00e9gulation \u00e9thique de l'IA ?","isPartOf":{"@id":"https:\/\/miralia.ai\/fr\/#website"},"primaryImageOfPage":{"@id":"https:\/\/miralia.ai\/blog\/ia-act-europe#primaryimage"},"image":{"@id":"https:\/\/miralia.ai\/blog\/ia-act-europe#primaryimage"},"thumbnailUrl":"https:\/\/golem-ai-website-wordpress-prod.s3.fr-par.scw.cloud\/wp-content\/uploads\/2023\/09\/11150512\/IAact-PB.png","datePublished":"2023-05-19T09:46:45+00:00","dateModified":"2025-12-11T16:21:50+00:00","description":"L'IA Act europ\u00e9en promet une r\u00e9gulation \u00e9thique de l'IA, prot\u00e9geant les consommateurs tout en favorisant l'innovation.","inLanguage":"en-US","potentialAction":[{"@type":"ReadAction","target":["https:\/\/miralia.ai\/blog\/ia-act-europe"]}]},{"@type":"ImageObject","inLanguage":"en-US","@id":"https:\/\/miralia.ai\/blog\/ia-act-europe#primaryimage","url":"https:\/\/golem-ai-website-wordpress-prod.s3.fr-par.scw.cloud\/wp-content\/uploads\/2023\/09\/11150456\/IAActRS.png","contentUrl":"https:\/\/golem-ai-website-wordpress-prod.s3.fr-par.scw.cloud\/wp-content\/uploads\/2023\/09\/11150456\/IAActRS.png","width":"","height":""},{"@type":"WebSite","@id":"https:\/\/miralia.ai\/fr\/#website","url":"https:\/\/miralia.ai\/fr\/","name":"Miralia.ai","description":"","publisher":{"@id":"https:\/\/miralia.ai\/fr\/#organization"},"potentialAction":[{"@type":"SearchAction","target":{"@type":"EntryPoint","urlTemplate":"https:\/\/miralia.ai\/fr\/?s={search_term_string}"},"query-input":{"@type":"PropertyValueSpecification","valueRequired":true,"valueName":"search_term_string"}}],"inLanguage":"en-US"},{"@type":"Organization","@id":"https:\/\/miralia.ai\/fr\/#organization","name":"Miralia","url":"https:\/\/miralia.ai\/fr\/","logo":{"@type":"ImageObject","inLanguage":"en-US","@id":"https:\/\/miralia.ai\/fr\/#\/schema\/logo\/image\/","url":"https:\/\/golem-ai-website-wordpress-prod.s3.fr-par.scw.cloud\/wp-content\/uploads\/2026\/01\/07142128\/Logo-Miralia.png","contentUrl":"https:\/\/golem-ai-website-wordpress-prod.s3.fr-par.scw.cloud\/wp-content\/uploads\/2026\/01\/07142128\/Logo-Miralia.png","width":1061,"height":211,"caption":"Miralia"},"image":{"@id":"https:\/\/miralia.ai\/fr\/#\/schema\/logo\/image\/"},"sameAs":["https:\/\/x.com\/miralia_ai","https:\/\/www.linkedin.com\/company\/miralia\/"]},{"@type":"Person","@id":"https:\/\/miralia.ai\/fr\/#\/schema\/person\/645b9172a0864b93b05e6d99724763fa","name":"Hector Merindol","image":{"@type":"ImageObject","inLanguage":"en-US","@id":"https:\/\/golem-ai-website-wordpress-prod.s3.fr-par.scw.cloud\/wp-content\/uploads\/2023\/01\/10165407\/hector-merindol-1-150x150.png","url":"https:\/\/golem-ai-website-wordpress-prod.s3.fr-par.scw.cloud\/wp-content\/uploads\/2023\/01\/10165407\/hector-merindol-1-150x150.png","contentUrl":"https:\/\/golem-ai-website-wordpress-prod.s3.fr-par.scw.cloud\/wp-content\/uploads\/2023\/01\/10165407\/hector-merindol-1-150x150.png","caption":"Hector Merindol"},"url":"https:\/\/miralia.ai\/en\/auteur\/hector"}]}},"_links":{"self":[{"href":"https:\/\/miralia.ai\/en\/wp-json\/wp\/v2\/posts\/18983","targetHints":{"allow":["GET"]}}],"collection":[{"href":"https:\/\/miralia.ai\/en\/wp-json\/wp\/v2\/posts"}],"about":[{"href":"https:\/\/miralia.ai\/en\/wp-json\/wp\/v2\/types\/post"}],"author":[{"embeddable":true,"href":"https:\/\/miralia.ai\/en\/wp-json\/wp\/v2\/users\/15"}],"replies":[{"embeddable":true,"href":"https:\/\/miralia.ai\/en\/wp-json\/wp\/v2\/comments?post=18983"}],"version-history":[{"count":6,"href":"https:\/\/miralia.ai\/en\/wp-json\/wp\/v2\/posts\/18983\/revisions"}],"predecessor-version":[{"id":36312,"href":"https:\/\/miralia.ai\/en\/wp-json\/wp\/v2\/posts\/18983\/revisions\/36312"}],"wp:featuredmedia":[{"embeddable":true,"href":"https:\/\/miralia.ai\/en\/wp-json\/wp\/v2\/media\/20820"}],"wp:attachment":[{"href":"https:\/\/miralia.ai\/en\/wp-json\/wp\/v2\/media?parent=18983"}],"wp:term":[{"taxonomy":"category","embeddable":true,"href":"https:\/\/miralia.ai\/en\/wp-json\/wp\/v2\/categories?post=18983"},{"taxonomy":"post_tag","embeddable":true,"href":"https:\/\/miralia.ai\/en\/wp-json\/wp\/v2\/tags?post=18983"}],"curies":[{"name":"wp","href":"https:\/\/api.w.org\/{rel}","templated":true}]}}