{"id":16767,"date":"2023-03-09T14:02:46","date_gmt":"2023-03-09T13:02:46","guid":{"rendered":"https:\/\/golem.ai\/?p=16767"},"modified":"2023-03-09T15:10:00","modified_gmt":"2023-03-09T14:10:00","slug":"ia-responsable-defense","status":"publish","type":"post","link":"https:\/\/miralia.ai\/en\/blog\/ai-and-society\/ia-responsable-defense","title":{"rendered":"L&rsquo;Intelligence Artificielle responsable dans le domaine militaire"},"content":{"rendered":"<p><em>Beaucoup d\u2019entreprises et institutions innovent en int\u00e9grant des solutions d\u2019intelligence artificielle en se posant parall\u00e8lement une m\u00eame question : quels seront les impacts techniques et humains dans le temps ? Plus particuli\u00e8rement dans le domaine militaire, c\u2019est un sujet qui impacte \u00e9galement la souverainet\u00e9 des \u00e9tats et leur impact sur la sc\u00e8ne internationale. Mais alors quelles sont les opportunit\u00e9s, les d\u00e9fis mais aussi les risques des IA dans ce domaine ? Retour sur notre pr\u00e9sence au salon REAIM, le premier sommet mondial sur l\u2019intelligence artificielle responsable dans le domaine militaire.<\/em><\/p>\n\n\n\n<h2 class=\"wp-block-heading\"><strong>Un sommet mondial des repr\u00e9sentants gouvernementaux de la d\u00e9fense<\/strong><\/h2>\n\n\n\n<p>Le gouvernement des Pays-Bas en partenariat avec la r\u00e9publique de Cor\u00e9e ont co-organis\u00e9 le 15 et 16 F\u00e9vrier 2023 le premier sommet de l\u2019<strong>IA responsable dans le domaine militaire<\/strong> : <a href=\"https:\/\/www.government.nl\/ministries\/ministry-of-foreign-affairs\/activiteiten\/reaim\">REAIM 2023<\/a>. Il regroupait des ministres des affaires \u00e9trang\u00e8res, des d\u00e9l\u00e9gu\u00e9s gouvernementaux, des repr\u00e9sentants des Nations Unies, mais aussi des repr\u00e9sentants d&rsquo;institutions du savoir, de groupes de r\u00e9flexion, des industriels et des organismes de la soci\u00e9t\u00e9 civile comme la n\u00f4tre.<\/p>\n\n\n\n<figure class=\"wp-block-image size-full\"><img fetchpriority=\"high\" decoding=\"async\" width=\"830\" height=\"553\" src=\"https:\/\/golem-ai-website-wordpress-prod.s3.fr-par.scw.cloud\/wp-content\/uploads\/2023\/03\/09112205\/group-photo-reaim-event-2023.jpg\" alt=\"\" class=\"wp-image-16769\" srcset=\"https:\/\/golem-ai-website-wordpress-prod.s3.fr-par.scw.cloud\/wp-content\/uploads\/2023\/03\/09112205\/group-photo-reaim-event-2023-300x200.jpg 300w, https:\/\/golem-ai-website-wordpress-prod.s3.fr-par.scw.cloud\/wp-content\/uploads\/2023\/03\/09112205\/group-photo-reaim-event-2023-768x512.jpg 768w, https:\/\/golem-ai-website-wordpress-prod.s3.fr-par.scw.cloud\/wp-content\/uploads\/2023\/03\/09112205\/group-photo-reaim-event-2023-18x12.jpg 18w, https:\/\/golem-ai-website-wordpress-prod.s3.fr-par.scw.cloud\/wp-content\/uploads\/2023\/03\/09112205\/group-photo-reaim-event-2023.jpg 830w\" sizes=\"(max-width: 830px) 100vw, 830px\" \/><figcaption class=\"wp-element-caption\"><small>Image:&nbsp;\u00a9Ministry of Foreign Affairs \/ Phil Nijhuis<\/small><br><\/figcaption><\/figure>\n\n\n\n<p>L\u2019objectif \u00e9tait clair, \u00e9tablir un appel \u00e0 l\u2019action pour rationaliser le d\u00e9ploiement et l\u2019utilisation de solutions d\u2019intelligences artificielles responsables. Plus concr\u00e8tement, \u00e0 l&rsquo;issue de cet \u00e9v\u00e9nement une Commission Mondiale sur l\u2019IA a \u00e9t\u00e9 cr\u00e9\u00e9e pour r\u00e9colter <a href=\"https:\/\/www.government.nl\/binaries\/government\/documenten\/publications\/2023\/02\/16\/reaim-2023-call-to-action\/REAIM+2023+Call+to+Action.pdf\">l\u2019ensemble des contributions<\/a> des pays, prioriser ces actions dans les agendas politiques \u00e9tatiques, sensibiliser les acteurs, et d\u00e9terminer les cr\u00e9ations, usages et d\u00e9ploiements de ces technologies de mani\u00e8re responsable . C\u2019est avant tout un appel au dialogue qui cr\u00e9e les pr\u00e9misses d&rsquo;<strong>une gouvernance de l\u2019IA<\/strong> qui est n\u00e9cessaire.<br>Comme l\u2019\u00e9voquait le ministre Hoekstra lors de la cl\u00f4ture du sommet : <em>\u201cJ&rsquo;ai fait un aveu lors de la table ronde minist\u00e9rielle que je voudrais r\u00e9p\u00e9ter ici en toute transparence : Des 2 000 personnes pr\u00e9sentes \u00e0 cette conf\u00e9rence, il est certainement vrai que nous, politiques, connaissons le moins l&rsquo;IA. C&rsquo;est ce manque de connaissances, ce manque de compr\u00e9hension, qui me rend mal \u00e0 l&rsquo;aise.\u201d<\/em> Pour autant, comme il le cite, c\u2019est justement un moyen d&rsquo;appr\u00e9hender ces sujets, notamment pour les risques encourus, notamment humain, lors du manquement \u00e0 certaines r\u00e8gles comme l\u2019explicabilit\u00e9 ou l\u2019assurance de la souverainet\u00e9 \u00e9tatique.<\/p>\n\n\n\n<h2 class=\"wp-block-heading\"><strong>L\u2019intelligence artificielle responsable, AI washing ?<\/strong><\/h2>\n\n\n\n<p>Parmi les diff\u00e9rentes conf\u00e9rences et ateliers se dressent au fur et \u00e0 mesure une liste de cas d\u2019usages, de r\u00e9flexions, d\u2019exp\u00e9riences des pr\u00e9sents autour des impacts et risques de l\u2019int\u00e9gration de nouvelles solutions d\u2019IA dans les arm\u00e9es, les minist\u00e8res, les universit\u00e9s et bien d\u2019autres. <strong>ChatGPT<\/strong> fait le buzz depuis plusieurs semaines, pour autant d\u2019autres cas d\u2019usages performant autant qu\u2019ils interrogent. Comment la 3D simplifie <a href=\"https:\/\/www.youtube.com\/watch?v=3G2kSNQy3jY\">la prise de d\u00e9cision<\/a> sur le terrain ? Comment les <a href=\"https:\/\/www.youtube.com\/watch?v=bXQJBr0iB-I\">algorithmes peuvent \u00eatre audit\u00e9s<\/a> selon les donn\u00e9es qu\u2019ils utilisent ou montrent ? Comment <a href=\"https:\/\/www.youtube.com\/watch?v=McWR0a_J0AU&amp;list=PLi8gTuJG3EhtscBcW-rMHX7wmRj6vwAdt&amp;index=9\">mutualiser les donn\u00e9es<\/a> pour compl\u00e9ter les images d&rsquo;\u0153uvres culturelles ?<br>Beaucoup de questions auxquelles Killian Vermersch notre CEO &amp; co-fondateur a pu r\u00e9pondre lors de sa conf\u00e9rence suite \u00e0 son invitation au salon REAIM sur l\u2019espace innovation lab :<em> \u201cComment les valeurs \u00e9thiques profitent-elles aux projets d&rsquo;IA dans le secteur militaire ?\u201d.<\/em> L\u2019IA responsable n\u2019est pas un buzzword si nous appliquons certaines r\u00e8gles dans le choix de la technologie d\u2019IA que nous int\u00e9grons. C\u2019est notamment le cas pour des solutions <strong>d&rsquo;analyse du langage (NLP)<\/strong> qui analyserons de nombreuses donn\u00e9es qui peuvent \u00eatre sensibles ou propres \u00e0 un \u00e9tat. Mais quelles sont ces valeurs ?<\/p>\n\n\n\n<figure class=\"wp-block-image size-large\"><img decoding=\"async\" width=\"1024\" height=\"576\" src=\"https:\/\/golem-ai-website-wordpress-prod.s3.fr-par.scw.cloud\/wp-content\/uploads\/2023\/03\/09140433\/Capture-decran-2023-03-09-a-11.55.24-1024x576.png\" alt=\"\" class=\"wp-image-16784\" srcset=\"https:\/\/golem-ai-website-wordpress-prod.s3.fr-par.scw.cloud\/wp-content\/uploads\/2023\/03\/09140433\/Capture-decran-2023-03-09-a-11.55.24-300x169.png 300w, https:\/\/golem-ai-website-wordpress-prod.s3.fr-par.scw.cloud\/wp-content\/uploads\/2023\/03\/09140433\/Capture-decran-2023-03-09-a-11.55.24-1024x576.png 1024w, https:\/\/golem-ai-website-wordpress-prod.s3.fr-par.scw.cloud\/wp-content\/uploads\/2023\/03\/09140433\/Capture-decran-2023-03-09-a-11.55.24-768x432.png 768w, https:\/\/golem-ai-website-wordpress-prod.s3.fr-par.scw.cloud\/wp-content\/uploads\/2023\/03\/09140433\/Capture-decran-2023-03-09-a-11.55.24-1536x864.png 1536w, https:\/\/golem-ai-website-wordpress-prod.s3.fr-par.scw.cloud\/wp-content\/uploads\/2023\/03\/09140433\/Capture-decran-2023-03-09-a-11.55.24-18x10.png 18w, https:\/\/golem-ai-website-wordpress-prod.s3.fr-par.scw.cloud\/wp-content\/uploads\/2023\/03\/09140433\/Capture-decran-2023-03-09-a-11.55.24.png 1920w\" sizes=\"(max-width: 1024px) 100vw, 1024px\" \/><figcaption class=\"wp-element-caption\">image: Killian Vermersch CEO of Golem.ai<\/figcaption><\/figure>\n\n\n\n<h3 class=\"wp-block-heading\"><strong><em>L\u2019explicabilit\u00e9 des d\u00e9cisions<\/em><\/strong><\/h3>\n\n\n\n<p>Rien de surprenant, c\u2019est un enjeu dans ce secteur. Il est impensable qu\u2019une information donn\u00e9e par une technologie, engendrant parfois une d\u00e9cision impactante, ne puisse \u00eatre transparente pour les utilisateurs. D\u2019une part le degr\u00e9 d&rsquo;acceptation serait moindre, et d&rsquo;autre part cela poserait de nombreuses questions \u00e9thiques quant \u00e0 son usage.<\/p>\n\n\n\n<h3 class=\"wp-block-heading\"><strong><em>Sovereignty<\/em><\/strong><\/h3>\n\n\n\n<p>L\u2019ind\u00e9pendance des \u00e9diteurs est importante. Pouvoir utiliser une technologie ind\u00e9pendamment d\u2019une entreprise ou d\u2019un pays, \u00e9viter certains biais li\u00e9s \u00e0 une forme de \u201cpouvoir d\u00e9centralis\u00e9\u201d qui donnerait la possibilit\u00e9 \u00e0 certains acteurs d\u2019avoir du poids dans les d\u00e9cisions. La transmission des connaissances \u00e0 l\u2019utilisateur est un gage d\u2019autonomie.&nbsp;<\/p>\n\n\n\n<h3 class=\"wp-block-heading\"><strong><em>Frugality&nbsp;<\/em><\/strong><\/h3>\n\n\n\n<p>Nous le savons, la consommation de donn\u00e9es impose la mise en place d&rsquo;infrastructures cons\u00e9quentes complexifiant certains d\u00e9ploiement. De plus, une hausse de l\u2019utilisation de donn\u00e9es aurait \u00e9galement une r\u00e9percussion environnementale forte, car l\u2019\u00e9chelle d\u2019une solution dans le domaine militaire est souvent sup\u00e9rieure aux solutions civiles. Peu de mat\u00e9riel permet un d\u00e9ploiement rapide. Dans le cadre de l\u2019analyse du langage (analyse de textes ou de documents), le choix technologiques influe directement sur la consommation de donn\u00e9es. \u00c9viter une technologie bas\u00e9e sur du machine learning par exemple permet d\u2019atteindre cet objectif.<\/p>\n\n\n\n<h3 class=\"wp-block-heading\"><strong><em>La consid\u00e9ration humaine&nbsp;<\/em><\/strong><\/h3>\n\n\n\n<p>Autre avantage \u00e9thique \u00e9vident, il est important de prendre en compte l\u2019exp\u00e9rience et les avis des personnes qui \u00e9laborent ces solutions, mais aussi les utilisateurs finaux. C\u2019est un moyen de simplifier son usage \u00e0 grande \u00e9chelle, mais aussi de faciliter son acceptation.&nbsp;<\/p>\n\n\n\n<figure class=\"wp-block-image size-full\"><img decoding=\"async\" width=\"799\" height=\"479\" src=\"https:\/\/golem-ai-website-wordpress-prod.s3.fr-par.scw.cloud\/wp-content\/uploads\/2023\/03\/09112357\/52691037513_336a4c8471_c.jpg\" alt=\"\" class=\"wp-image-16771\" srcset=\"https:\/\/golem-ai-website-wordpress-prod.s3.fr-par.scw.cloud\/wp-content\/uploads\/2023\/03\/09112357\/52691037513_336a4c8471_c-300x180.jpg 300w, https:\/\/golem-ai-website-wordpress-prod.s3.fr-par.scw.cloud\/wp-content\/uploads\/2023\/03\/09112357\/52691037513_336a4c8471_c-768x460.jpg 768w, https:\/\/golem-ai-website-wordpress-prod.s3.fr-par.scw.cloud\/wp-content\/uploads\/2023\/03\/09112357\/52691037513_336a4c8471_c-18x12.jpg 18w, https:\/\/golem-ai-website-wordpress-prod.s3.fr-par.scw.cloud\/wp-content\/uploads\/2023\/03\/09112357\/52691037513_336a4c8471_c.jpg 799w\" sizes=\"(max-width: 799px) 100vw, 799px\" \/><figcaption class=\"wp-element-caption\">Photo: Ministry of Foreign Affairs \/ Martijn Beekman<br><\/figcaption><\/figure>\n<!-- AddThis Advanced Settings generic via filter on the_content --><!-- AddThis Share Buttons generic via filter on the_content -->","protected":false},"excerpt":{"rendered":"<p>Retour sur le premier sommet mondial sur l\u2019IA responsable dans un secteur o\u00f9 les risques doivent \u00eatre aussi bien connus que ma\u00eetris\u00e9s : le domaine militaire.<!-- AddThis Advanced Settings generic via filter on get_the_excerpt --><!-- AddThis Share Buttons generic via filter on get_the_excerpt --><\/p>","protected":false},"author":3,"featured_media":16778,"comment_status":"closed","ping_status":"open","sticky":false,"template":"","format":"standard","meta":{"_acf_changed":false,"content-type":"","footnotes":""},"categories":[68,33],"tags":[152,139,154,122,76,151,75],"class_list":["post-16767","post","type-post","status-publish","format-standard","has-post-thumbnail","hentry","category-blog","category-ai-and-society","tag-army","tag-defense","tag-domaine-militaire","tag-frugalite","tag-ia","tag-ia-responsable","tag-intelligence-artificielle"],"acf":[],"yoast_head":"<!-- This site is optimized with the Yoast SEO plugin v27.5 - https:\/\/yoast.com\/product\/yoast-seo-wordpress\/ -->\n<title>Salon REAIM sur l&#039;IA responsable, \u00e9thique dans le secteur militaire<\/title>\n<meta name=\"description\" content=\"D\u00e9couvrez les prises de positions des gouvernements vis \u00e0 vis de l\u2019utilisation de l\u2019intelligence artificielle dans le secteur de la d\u00e9fense.\" \/>\n<meta name=\"robots\" content=\"index, follow, max-snippet:-1, max-image-preview:large, max-video-preview:-1\" \/>\n<link rel=\"canonical\" href=\"https:\/\/miralia.ai\/en\/blog\/ai-and-society\/ia-responsable-defense\/\" \/>\n<meta property=\"og:locale\" content=\"en_US\" \/>\n<meta property=\"og:type\" content=\"article\" \/>\n<meta property=\"og:title\" content=\"L\u2019intelligence artificielle responsable : quels avancements dans le domaine militaire ?\" \/>\n<meta property=\"og:description\" content=\"Au-del\u00e0 du buzzword, les risques et usages des IA doivent \u00eatre connus et ma\u00eetris\u00e9s. Mais comment ?\" \/>\n<meta property=\"og:url\" content=\"https:\/\/miralia.ai\/en\/blog\/ai-and-society\/ia-responsable-defense\/\" \/>\n<meta property=\"og:site_name\" content=\"Miralia.ai\" \/>\n<meta property=\"article:published_time\" content=\"2023-03-09T13:02:46+00:00\" \/>\n<meta property=\"article:modified_time\" content=\"2023-03-09T14:10:00+00:00\" \/>\n<meta property=\"og:image\" content=\"https:\/\/golem-ai-website-wordpress-prod.s3.fr-par.scw.cloud\/wp-content\/uploads\/2023\/03\/09120800\/Visuels-reseaux-sociaux-1600x900-3.png\" \/>\n\t<meta property=\"og:image:type\" content=\"image\/png\" \/>\n<meta name=\"author\" content=\"Thomas Leduc\" \/>\n<meta name=\"twitter:card\" content=\"summary_large_image\" \/>\n<meta name=\"twitter:title\" content=\"L\u2019intelligence artificielle responsable : quels avancements dans le domaine militaire ?\" \/>\n<meta name=\"twitter:description\" content=\"Au-del\u00e0 du buzzword, les risques et usages des IA doivent \u00eatre connus et ma\u00eetris\u00e9s. Mais comment ?\" \/>\n<meta name=\"twitter:creator\" content=\"@miralia_ai\" \/>\n<meta name=\"twitter:site\" content=\"@miralia_ai\" \/>\n<script type=\"application\/ld+json\" class=\"yoast-schema-graph\">{\"@context\":\"https:\\\/\\\/schema.org\",\"@graph\":[{\"@type\":[\"Article\",\"BlogPosting\"],\"@id\":\"https:\\\/\\\/miralia.ai\\\/blog\\\/ai-and-society\\\/ia-responsable-defense#article\",\"isPartOf\":{\"@id\":\"https:\\\/\\\/miralia.ai\\\/blog\\\/ai-and-society\\\/ia-responsable-defense\"},\"author\":{\"name\":\"Thomas Leduc\",\"@id\":\"https:\\\/\\\/miralia.ai\\\/fr\\\/#\\\/schema\\\/person\\\/a25711a1713dceec302b048e7a97f063\"},\"headline\":\"L&rsquo;Intelligence Artificielle responsable dans le domaine militaire\",\"datePublished\":\"2023-03-09T13:02:46+00:00\",\"dateModified\":\"2023-03-09T14:10:00+00:00\",\"mainEntityOfPage\":{\"@id\":\"https:\\\/\\\/miralia.ai\\\/blog\\\/ai-and-society\\\/ia-responsable-defense\"},\"wordCount\":934,\"publisher\":{\"@id\":\"https:\\\/\\\/miralia.ai\\\/fr\\\/#organization\"},\"image\":{\"@id\":\"https:\\\/\\\/miralia.ai\\\/blog\\\/ai-and-society\\\/ia-responsable-defense#primaryimage\"},\"thumbnailUrl\":\"https:\\\/\\\/golem-ai-website-wordpress-prod.s3.fr-par.scw.cloud\\\/wp-content\\\/uploads\\\/2023\\\/03\\\/09121046\\\/Blog-visuels-petite-banniere-570x200-3.png\",\"keywords\":[\"army\",\"defense\",\"domaine militaire\",\"frugalit\u00e9\",\"IA\",\"IA responsable\",\"intelligence artificielle\"],\"articleSection\":[\"Blog\",\"Ev\u00e9nements\"],\"inLanguage\":\"en-US\"},{\"@type\":\"WebPage\",\"@id\":\"https:\\\/\\\/miralia.ai\\\/blog\\\/ai-and-society\\\/ia-responsable-defense\",\"url\":\"https:\\\/\\\/miralia.ai\\\/blog\\\/ai-and-society\\\/ia-responsable-defense\",\"name\":\"Salon REAIM sur l'IA responsable, \u00e9thique dans le secteur militaire\",\"isPartOf\":{\"@id\":\"https:\\\/\\\/miralia.ai\\\/fr\\\/#website\"},\"primaryImageOfPage\":{\"@id\":\"https:\\\/\\\/miralia.ai\\\/blog\\\/ai-and-society\\\/ia-responsable-defense#primaryimage\"},\"image\":{\"@id\":\"https:\\\/\\\/miralia.ai\\\/blog\\\/ai-and-society\\\/ia-responsable-defense#primaryimage\"},\"thumbnailUrl\":\"https:\\\/\\\/golem-ai-website-wordpress-prod.s3.fr-par.scw.cloud\\\/wp-content\\\/uploads\\\/2023\\\/03\\\/09121046\\\/Blog-visuels-petite-banniere-570x200-3.png\",\"datePublished\":\"2023-03-09T13:02:46+00:00\",\"dateModified\":\"2023-03-09T14:10:00+00:00\",\"description\":\"D\u00e9couvrez les prises de positions des gouvernements vis \u00e0 vis de l\u2019utilisation de l\u2019intelligence artificielle dans le secteur de la d\u00e9fense.\",\"inLanguage\":\"en-US\",\"potentialAction\":[{\"@type\":\"ReadAction\",\"target\":[\"https:\\\/\\\/miralia.ai\\\/blog\\\/ai-and-society\\\/ia-responsable-defense\"]}]},{\"@type\":\"ImageObject\",\"inLanguage\":\"en-US\",\"@id\":\"https:\\\/\\\/miralia.ai\\\/blog\\\/ai-and-society\\\/ia-responsable-defense#primaryimage\",\"url\":\"https:\\\/\\\/golem-ai-website-wordpress-prod.s3.fr-par.scw.cloud\\\/wp-content\\\/uploads\\\/2023\\\/03\\\/09120800\\\/Visuels-reseaux-sociaux-1600x900-3.png\",\"contentUrl\":\"https:\\\/\\\/golem-ai-website-wordpress-prod.s3.fr-par.scw.cloud\\\/wp-content\\\/uploads\\\/2023\\\/03\\\/09120800\\\/Visuels-reseaux-sociaux-1600x900-3.png\",\"width\":\"\",\"height\":\"\"},{\"@type\":\"WebSite\",\"@id\":\"https:\\\/\\\/miralia.ai\\\/fr\\\/#website\",\"url\":\"https:\\\/\\\/miralia.ai\\\/fr\\\/\",\"name\":\"Miralia.ai\",\"description\":\"\",\"publisher\":{\"@id\":\"https:\\\/\\\/miralia.ai\\\/fr\\\/#organization\"},\"potentialAction\":[{\"@type\":\"SearchAction\",\"target\":{\"@type\":\"EntryPoint\",\"urlTemplate\":\"https:\\\/\\\/miralia.ai\\\/fr\\\/?s={search_term_string}\"},\"query-input\":{\"@type\":\"PropertyValueSpecification\",\"valueRequired\":true,\"valueName\":\"search_term_string\"}}],\"inLanguage\":\"en-US\"},{\"@type\":\"Organization\",\"@id\":\"https:\\\/\\\/miralia.ai\\\/fr\\\/#organization\",\"name\":\"Miralia\",\"url\":\"https:\\\/\\\/miralia.ai\\\/fr\\\/\",\"logo\":{\"@type\":\"ImageObject\",\"inLanguage\":\"en-US\",\"@id\":\"https:\\\/\\\/miralia.ai\\\/fr\\\/#\\\/schema\\\/logo\\\/image\\\/\",\"url\":\"https:\\\/\\\/golem-ai-website-wordpress-prod.s3.fr-par.scw.cloud\\\/wp-content\\\/uploads\\\/2026\\\/01\\\/07142128\\\/Logo-Miralia.png\",\"contentUrl\":\"https:\\\/\\\/golem-ai-website-wordpress-prod.s3.fr-par.scw.cloud\\\/wp-content\\\/uploads\\\/2026\\\/01\\\/07142128\\\/Logo-Miralia.png\",\"width\":1061,\"height\":211,\"caption\":\"Miralia\"},\"image\":{\"@id\":\"https:\\\/\\\/miralia.ai\\\/fr\\\/#\\\/schema\\\/logo\\\/image\\\/\"},\"sameAs\":[\"https:\\\/\\\/x.com\\\/miralia_ai\",\"https:\\\/\\\/www.linkedin.com\\\/company\\\/miralia\\\/\"]},{\"@type\":\"Person\",\"@id\":\"https:\\\/\\\/miralia.ai\\\/fr\\\/#\\\/schema\\\/person\\\/a25711a1713dceec302b048e7a97f063\",\"name\":\"Thomas Leduc\",\"image\":{\"@type\":\"ImageObject\",\"inLanguage\":\"en-US\",\"@id\":\"https:\\\/\\\/golem-ai-website-wordpress-prod.s3.fr-par.scw.cloud\\\/wp-content\\\/uploads\\\/2021\\\/10\\\/06140903\\\/photo-thomas-leduc-150x150.png\",\"url\":\"https:\\\/\\\/golem-ai-website-wordpress-prod.s3.fr-par.scw.cloud\\\/wp-content\\\/uploads\\\/2021\\\/10\\\/06140903\\\/photo-thomas-leduc-150x150.png\",\"contentUrl\":\"https:\\\/\\\/golem-ai-website-wordpress-prod.s3.fr-par.scw.cloud\\\/wp-content\\\/uploads\\\/2021\\\/10\\\/06140903\\\/photo-thomas-leduc-150x150.png\",\"caption\":\"Thomas Leduc\"},\"url\":\"https:\\\/\\\/miralia.ai\\\/en\\\/auteur\\\/thomasl\"}]}<\/script>\n<!-- \/ Yoast SEO plugin. -->","yoast_head_json":{"title":"Salon REAIM sur l'IA responsable, \u00e9thique dans le secteur militaire","description":"D\u00e9couvrez les prises de positions des gouvernements vis \u00e0 vis de l\u2019utilisation de l\u2019intelligence artificielle dans le secteur de la d\u00e9fense.","robots":{"index":"index","follow":"follow","max-snippet":"max-snippet:-1","max-image-preview":"max-image-preview:large","max-video-preview":"max-video-preview:-1"},"canonical":"https:\/\/miralia.ai\/en\/blog\/ai-and-society\/ia-responsable-defense\/","og_locale":"en_US","og_type":"article","og_title":"L\u2019intelligence artificielle responsable : quels avancements dans le domaine militaire ?","og_description":"Au-del\u00e0 du buzzword, les risques et usages des IA doivent \u00eatre connus et ma\u00eetris\u00e9s. Mais comment ?","og_url":"https:\/\/miralia.ai\/en\/blog\/ai-and-society\/ia-responsable-defense\/","og_site_name":"Miralia.ai","article_published_time":"2023-03-09T13:02:46+00:00","article_modified_time":"2023-03-09T14:10:00+00:00","og_image":[{"url":"https:\/\/golem-ai-website-wordpress-prod.s3.fr-par.scw.cloud\/wp-content\/uploads\/2023\/03\/09120800\/Visuels-reseaux-sociaux-1600x900-3.png","width":"","height":"","type":"image\/png"}],"author":"Thomas Leduc","twitter_card":"summary_large_image","twitter_title":"L\u2019intelligence artificielle responsable : quels avancements dans le domaine militaire ?","twitter_description":"Au-del\u00e0 du buzzword, les risques et usages des IA doivent \u00eatre connus et ma\u00eetris\u00e9s. Mais comment ?","twitter_creator":"@miralia_ai","twitter_site":"@miralia_ai","schema":{"@context":"https:\/\/schema.org","@graph":[{"@type":["Article","BlogPosting"],"@id":"https:\/\/miralia.ai\/blog\/ai-and-society\/ia-responsable-defense#article","isPartOf":{"@id":"https:\/\/miralia.ai\/blog\/ai-and-society\/ia-responsable-defense"},"author":{"name":"Thomas Leduc","@id":"https:\/\/miralia.ai\/fr\/#\/schema\/person\/a25711a1713dceec302b048e7a97f063"},"headline":"L&rsquo;Intelligence Artificielle responsable dans le domaine militaire","datePublished":"2023-03-09T13:02:46+00:00","dateModified":"2023-03-09T14:10:00+00:00","mainEntityOfPage":{"@id":"https:\/\/miralia.ai\/blog\/ai-and-society\/ia-responsable-defense"},"wordCount":934,"publisher":{"@id":"https:\/\/miralia.ai\/fr\/#organization"},"image":{"@id":"https:\/\/miralia.ai\/blog\/ai-and-society\/ia-responsable-defense#primaryimage"},"thumbnailUrl":"https:\/\/golem-ai-website-wordpress-prod.s3.fr-par.scw.cloud\/wp-content\/uploads\/2023\/03\/09121046\/Blog-visuels-petite-banniere-570x200-3.png","keywords":["army","defense","domaine militaire","frugalit\u00e9","IA","IA responsable","intelligence artificielle"],"articleSection":["Blog","Ev\u00e9nements"],"inLanguage":"en-US"},{"@type":"WebPage","@id":"https:\/\/miralia.ai\/blog\/ai-and-society\/ia-responsable-defense","url":"https:\/\/miralia.ai\/blog\/ai-and-society\/ia-responsable-defense","name":"Salon REAIM sur l'IA responsable, \u00e9thique dans le secteur militaire","isPartOf":{"@id":"https:\/\/miralia.ai\/fr\/#website"},"primaryImageOfPage":{"@id":"https:\/\/miralia.ai\/blog\/ai-and-society\/ia-responsable-defense#primaryimage"},"image":{"@id":"https:\/\/miralia.ai\/blog\/ai-and-society\/ia-responsable-defense#primaryimage"},"thumbnailUrl":"https:\/\/golem-ai-website-wordpress-prod.s3.fr-par.scw.cloud\/wp-content\/uploads\/2023\/03\/09121046\/Blog-visuels-petite-banniere-570x200-3.png","datePublished":"2023-03-09T13:02:46+00:00","dateModified":"2023-03-09T14:10:00+00:00","description":"D\u00e9couvrez les prises de positions des gouvernements vis \u00e0 vis de l\u2019utilisation de l\u2019intelligence artificielle dans le secteur de la d\u00e9fense.","inLanguage":"en-US","potentialAction":[{"@type":"ReadAction","target":["https:\/\/miralia.ai\/blog\/ai-and-society\/ia-responsable-defense"]}]},{"@type":"ImageObject","inLanguage":"en-US","@id":"https:\/\/miralia.ai\/blog\/ai-and-society\/ia-responsable-defense#primaryimage","url":"https:\/\/golem-ai-website-wordpress-prod.s3.fr-par.scw.cloud\/wp-content\/uploads\/2023\/03\/09120800\/Visuels-reseaux-sociaux-1600x900-3.png","contentUrl":"https:\/\/golem-ai-website-wordpress-prod.s3.fr-par.scw.cloud\/wp-content\/uploads\/2023\/03\/09120800\/Visuels-reseaux-sociaux-1600x900-3.png","width":"","height":""},{"@type":"WebSite","@id":"https:\/\/miralia.ai\/fr\/#website","url":"https:\/\/miralia.ai\/fr\/","name":"Miralia.ai","description":"","publisher":{"@id":"https:\/\/miralia.ai\/fr\/#organization"},"potentialAction":[{"@type":"SearchAction","target":{"@type":"EntryPoint","urlTemplate":"https:\/\/miralia.ai\/fr\/?s={search_term_string}"},"query-input":{"@type":"PropertyValueSpecification","valueRequired":true,"valueName":"search_term_string"}}],"inLanguage":"en-US"},{"@type":"Organization","@id":"https:\/\/miralia.ai\/fr\/#organization","name":"Miralia","url":"https:\/\/miralia.ai\/fr\/","logo":{"@type":"ImageObject","inLanguage":"en-US","@id":"https:\/\/miralia.ai\/fr\/#\/schema\/logo\/image\/","url":"https:\/\/golem-ai-website-wordpress-prod.s3.fr-par.scw.cloud\/wp-content\/uploads\/2026\/01\/07142128\/Logo-Miralia.png","contentUrl":"https:\/\/golem-ai-website-wordpress-prod.s3.fr-par.scw.cloud\/wp-content\/uploads\/2026\/01\/07142128\/Logo-Miralia.png","width":1061,"height":211,"caption":"Miralia"},"image":{"@id":"https:\/\/miralia.ai\/fr\/#\/schema\/logo\/image\/"},"sameAs":["https:\/\/x.com\/miralia_ai","https:\/\/www.linkedin.com\/company\/miralia\/"]},{"@type":"Person","@id":"https:\/\/miralia.ai\/fr\/#\/schema\/person\/a25711a1713dceec302b048e7a97f063","name":"Thomas Leduc","image":{"@type":"ImageObject","inLanguage":"en-US","@id":"https:\/\/golem-ai-website-wordpress-prod.s3.fr-par.scw.cloud\/wp-content\/uploads\/2021\/10\/06140903\/photo-thomas-leduc-150x150.png","url":"https:\/\/golem-ai-website-wordpress-prod.s3.fr-par.scw.cloud\/wp-content\/uploads\/2021\/10\/06140903\/photo-thomas-leduc-150x150.png","contentUrl":"https:\/\/golem-ai-website-wordpress-prod.s3.fr-par.scw.cloud\/wp-content\/uploads\/2021\/10\/06140903\/photo-thomas-leduc-150x150.png","caption":"Thomas Leduc"},"url":"https:\/\/miralia.ai\/en\/auteur\/thomasl"}]}},"_links":{"self":[{"href":"https:\/\/miralia.ai\/en\/wp-json\/wp\/v2\/posts\/16767","targetHints":{"allow":["GET"]}}],"collection":[{"href":"https:\/\/miralia.ai\/en\/wp-json\/wp\/v2\/posts"}],"about":[{"href":"https:\/\/miralia.ai\/en\/wp-json\/wp\/v2\/types\/post"}],"author":[{"embeddable":true,"href":"https:\/\/miralia.ai\/en\/wp-json\/wp\/v2\/users\/3"}],"replies":[{"embeddable":true,"href":"https:\/\/miralia.ai\/en\/wp-json\/wp\/v2\/comments?post=16767"}],"version-history":[{"count":5,"href":"https:\/\/miralia.ai\/en\/wp-json\/wp\/v2\/posts\/16767\/revisions"}],"predecessor-version":[{"id":16786,"href":"https:\/\/miralia.ai\/en\/wp-json\/wp\/v2\/posts\/16767\/revisions\/16786"}],"wp:featuredmedia":[{"embeddable":true,"href":"https:\/\/miralia.ai\/en\/wp-json\/wp\/v2\/media\/16778"}],"wp:attachment":[{"href":"https:\/\/miralia.ai\/en\/wp-json\/wp\/v2\/media?parent=16767"}],"wp:term":[{"taxonomy":"category","embeddable":true,"href":"https:\/\/miralia.ai\/en\/wp-json\/wp\/v2\/categories?post=16767"},{"taxonomy":"post_tag","embeddable":true,"href":"https:\/\/miralia.ai\/en\/wp-json\/wp\/v2\/tags?post=16767"}],"curies":[{"name":"wp","href":"https:\/\/api.w.org\/{rel}","templated":true}]}}