{"id":15985,"date":"2023-01-10T17:00:03","date_gmt":"2023-01-10T16:00:03","guid":{"rendered":"https:\/\/golem.ai\/?p=15985"},"modified":"2026-02-17T11:36:26","modified_gmt":"2026-02-17T10:36:26","slug":"miralia-techandco-bfmbusiness","status":"publish","type":"post","link":"https:\/\/miralia.ai\/en\/blog\/miralia-techandco-bfmbusiness","title":{"rendered":"Miralia invit\u00e9 de l\u2019\u00e9mission Tech&amp;Co Business sur BFMTV"},"content":{"rendered":"<p>Killian Vermersch, co-fondateur et CEO de Miralia \u00e9tait l\u2019invit\u00e9 de BFM Business dans l&rsquo;\u00e9mission Tech&amp;Co Business pr\u00e9sent\u00e9e par Fr\u00e9d\u00e9ric Simottel.\u00a0<\/p>\n\n\n\n<p>Dans cette interview, KiIlian Vermersch revient sur les derni\u00e8res nouveaut\u00e9s de Miralia et nous explique comment l\u2019intelligence artificielle et notamment la solution <a href=\"https:\/\/golem.ai\/fr\/produits\/inboxcare\"><strong>InBoxCare<\/strong><\/a> permet de <strong>simplifier le travail en cat\u00e9gorisant et en traitant les messages entrants.<\/strong><\/p>\n\n\n\n<h2 class=\"wp-block-heading\">l\u2019IA pour remettre l\u2019humain au coeur de la strat\u00e9gie des entreprises&nbsp;<\/h2>\n\n\n\n<p>Miralia veut d\u00e9mocratiser l\u2019intelligence artificielle dans les entreprises pour r\u00e9duire la p\u00e9nibilit\u00e9 au travail afin de passer moins de temps sur les t\u00e2ches chronophages \u00e0 faibles valeurs ajout\u00e9es et plus de temps l\u00e0 o\u00f9 une r\u00e9elle expertise est n\u00e9cessaire.<\/p>\n\n\n\n<blockquote class=\"wp-block-quote is-layout-flow wp-block-quote-is-layout-flow\">\n<p><em>\u201cLe but c\u2019est d\u2019aider les gens \u00e0 passer moins de temps sur les t\u00e2ches p\u00e9nibles, les t\u00e2ches ancillaires et plus de temps sur les t\u00e2ches o\u00f9 il y a besoin d\u2019une intelligence humaine\u201d.\u00a0<\/em><\/p>\n<\/blockquote>\n\n\n\n<p>Pour autant, comme le pr\u00e9cise Killian Vermersch, il est absolument n\u00e9cessaire d\u2019accompagner les collaborateurs dans cette conduite du changement :<em>&nbsp;<\/em><\/p>\n\n\n\n<blockquote class=\"wp-block-quote is-layout-flow wp-block-quote-is-layout-flow\">\n<p><em>\u201cUne IA bien faite, \u00e7a va changer la mani\u00e8re de travailler\u2026 c\u2019est une nouvelle <strong>r\u00e9volution industrielle<\/strong>\u201d&nbsp;<\/em><\/p>\n<\/blockquote>\n\n\n\n<h2 class=\"wp-block-heading\">Un service client de plus en plus exigeant<\/h2>\n\n\n\n<p>Le service client d\u2019aujourd\u2019hui n\u2019a plus de rapport avec celui qu\u2019on observait il y a 5 ou 10 ans, l&rsquo;objectif \u00e9tait de r\u00e9duire imp\u00e9rativement les co\u00fbts. Face \u00e0 des consommateurs de plus en plus exigeants, les clients cherchent avant tout <strong>la satisfaction de leurs clients et un bon ROI<\/strong>.&nbsp;<\/p>\n\n\n\n<p>Fr\u00e9d\u00e9ric Simottel revient aussi sur la <strong>energy efficiency<\/strong> de Miralia et des enjeux pour les entreprises de r\u00e9duire leurs consommations \u00e9nerg\u00e9tiques et leur empreinte carbone. La frugalit\u00e9 est une sujet que Ludovic Fleury, notre CTO, d\u00e9taillait aussi dans un article de blog pr\u00e9c\u00e9dent <a href=\"https:\/\/golem.ai\/fr\/blog\/entreprise\/intelligence-artificielle-frugale\">\u201c<strong>Frugalit\u00e9, le chemin vers une green IA<\/strong>\u201d<\/a><\/p>\n\n\n\n<p>Revivez cette interview et n\u2019h\u00e9sitez pas \u00e0 partager avec nous vos commentaires en nous contactant.<\/p>\n\n\n\n<figure class=\"wp-block-embed is-type-video is-provider-youtube wp-block-embed-youtube wp-embed-aspect-16-9 wp-has-aspect-ratio\"><div class=\"wp-block-embed__wrapper\">\n<iframe title=\"Interview de Killian Vermersch - BFM Business Tech&amp;Co\" width=\"800\" height=\"450\" src=\"https:\/\/www.youtube.com\/embed\/hRZT80B3Av8?feature=oembed&#038;enablejsapi=1&#038;origin=https:\/\/miralia.ai\" frameborder=\"0\" allow=\"accelerometer; autoplay; clipboard-write; encrypted-media; gyroscope; picture-in-picture; web-share\" referrerpolicy=\"strict-origin-when-cross-origin\" allowfullscreen><\/iframe>\n<\/div><\/figure>\n\n\n\n<p>Pour en savoir plus sur la gestion de la <a href=\"https:\/\/golem.ai\/fr\/solutions\/relation-client\">customer relationships <\/a>par notre IA, n\u2019h\u00e9sitez pas \u00e0 consulter directement notre page solution, ainsi que notre page produit<strong><a href=\"https:\/\/golem.ai\/fr\/produits\/inboxcare\"> <\/a><\/strong><a href=\"https:\/\/golem.ai\/fr\/produits\/inboxcare\"><\/a><strong><a href=\"https:\/\/golem.ai\/fr\/produits\/inboxcare\">InboxCare<\/a> <\/strong>!<\/p>\n\n\n\n<p><\/p>\n<!-- AddThis Advanced Settings generic via filter on the_content --><!-- AddThis Share Buttons generic via filter on the_content -->","protected":false},"excerpt":{"rendered":"<p>Killian Vermersch, co-fondateur et CEO de Miralia \u00e9tait l\u2019invit\u00e9 de BFM Business dans l&rsquo;\u00e9mission Tech&amp;Co Business pr\u00e9sent\u00e9e par Fr\u00e9d\u00e9ric Simottel.\u00a0 Dans cette interview, KiIlian Vermersch revient sur les derni\u00e8res nouveaut\u00e9s de Miralia et nous explique comment l\u2019intelligence artificielle et notamment la solution InBoxCare permet de simplifier le travail en cat\u00e9gorisant et en traitant les messages [&hellip;]<!-- AddThis Advanced Settings generic via filter on get_the_excerpt --><!-- AddThis Share Buttons generic via filter on get_the_excerpt --><\/p>\n","protected":false},"author":15,"featured_media":0,"comment_status":"open","ping_status":"open","sticky":false,"template":"","format":"standard","meta":{"_acf_changed":false,"content-type":"","footnotes":""},"categories":[68],"tags":[],"class_list":["post-15985","post","type-post","status-publish","format-standard","hentry","category-blog"],"acf":[],"yoast_head":"<!-- This site is optimized with the Yoast SEO plugin v27.5 - https:\/\/yoast.com\/product\/yoast-seo-wordpress\/ -->\n<title>Miralia invit\u00e9 de l\u2019\u00e9mission Tech&amp;Co Business sur BFMTV<\/title>\n<meta name=\"description\" content=\"Killian Vermersch, co-fondateur et CEO de Miralia \u00e9tait l\u2019invit\u00e9 de BFM Business dans l&#039;\u00e9mission Tech&amp;Co Business pr\u00e9sent\u00e9e par Fr\u00e9d\u00e9ric Simottel.\" \/>\n<meta name=\"robots\" content=\"index, follow, max-snippet:-1, max-image-preview:large, max-video-preview:-1\" \/>\n<link rel=\"canonical\" href=\"https:\/\/miralia.ai\/en\/blog\/miralia-techandco-bfmbusiness\/\" \/>\n<meta property=\"og:locale\" content=\"en_US\" \/>\n<meta property=\"og:type\" content=\"article\" \/>\n<meta property=\"og:title\" content=\"Miralia invit\u00e9 de l\u2019\u00e9mission Tech&amp;Co Business sur BFMTV\" \/>\n<meta property=\"og:description\" content=\"Killian Vermersch, co-fondateur et CEO de Miralia \u00e9tait l\u2019invit\u00e9 de BFM Business dans l&#039;\u00e9mission Tech&amp;Co Business pr\u00e9sent\u00e9e par Fr\u00e9d\u00e9ric Simottel.\" \/>\n<meta property=\"og:url\" content=\"https:\/\/miralia.ai\/en\/blog\/miralia-techandco-bfmbusiness\/\" \/>\n<meta property=\"og:site_name\" content=\"Miralia.ai\" \/>\n<meta property=\"article:published_time\" content=\"2023-01-10T16:00:03+00:00\" \/>\n<meta property=\"article:modified_time\" content=\"2026-02-17T10:36:26+00:00\" \/>\n<meta property=\"og:image\" content=\"https:\/\/golem-ai-website-wordpress-prod.s3.fr-par.scw.cloud\/wp-content\/uploads\/2023\/01\/10165836\/bfmbusiness-interview-rs.png\" \/>\n\t<meta property=\"og:image:type\" content=\"image\/png\" \/>\n<meta name=\"author\" content=\"Hector Merindol\" \/>\n<meta name=\"twitter:card\" content=\"summary_large_image\" \/>\n<meta name=\"twitter:image\" content=\"https:\/\/golem-ai-website-wordpress-prod.s3.fr-par.scw.cloud\/wp-content\/uploads\/2023\/01\/10165836\/bfmbusiness-interview-rs.png\" \/>\n<meta name=\"twitter:creator\" content=\"@miralia_ai\" \/>\n<meta name=\"twitter:site\" content=\"@miralia_ai\" \/>\n<script type=\"application\/ld+json\" class=\"yoast-schema-graph\">{\"@context\":\"https:\\\/\\\/schema.org\",\"@graph\":[{\"@type\":\"Article\",\"@id\":\"https:\\\/\\\/miralia.ai\\\/blog\\\/miralia-techandco-bfmbusiness#article\",\"isPartOf\":{\"@id\":\"https:\\\/\\\/miralia.ai\\\/blog\\\/miralia-techandco-bfmbusiness\"},\"author\":{\"name\":\"Hector Merindol\",\"@id\":\"https:\\\/\\\/miralia.ai\\\/fr\\\/#\\\/schema\\\/person\\\/645b9172a0864b93b05e6d99724763fa\"},\"headline\":\"Miralia invit\u00e9 de l\u2019\u00e9mission Tech&amp;Co Business sur BFMTV\",\"datePublished\":\"2023-01-10T16:00:03+00:00\",\"dateModified\":\"2026-02-17T10:36:26+00:00\",\"mainEntityOfPage\":{\"@id\":\"https:\\\/\\\/miralia.ai\\\/blog\\\/miralia-techandco-bfmbusiness\"},\"wordCount\":394,\"commentCount\":0,\"publisher\":{\"@id\":\"https:\\\/\\\/miralia.ai\\\/fr\\\/#organization\"},\"articleSection\":[\"Blog\"],\"inLanguage\":\"en-US\",\"potentialAction\":[{\"@type\":\"CommentAction\",\"name\":\"Comment\",\"target\":[\"https:\\\/\\\/miralia.ai\\\/blog\\\/miralia-techandco-bfmbusiness#respond\"]}]},{\"@type\":\"WebPage\",\"@id\":\"https:\\\/\\\/miralia.ai\\\/blog\\\/miralia-techandco-bfmbusiness\",\"url\":\"https:\\\/\\\/miralia.ai\\\/blog\\\/miralia-techandco-bfmbusiness\",\"name\":\"Miralia invit\u00e9 de l\u2019\u00e9mission Tech&Co Business sur BFMTV\",\"isPartOf\":{\"@id\":\"https:\\\/\\\/miralia.ai\\\/fr\\\/#website\"},\"datePublished\":\"2023-01-10T16:00:03+00:00\",\"dateModified\":\"2026-02-17T10:36:26+00:00\",\"description\":\"Killian Vermersch, co-fondateur et CEO de Miralia \u00e9tait l\u2019invit\u00e9 de BFM Business dans l'\u00e9mission Tech&Co Business pr\u00e9sent\u00e9e par Fr\u00e9d\u00e9ric Simottel.\",\"inLanguage\":\"en-US\",\"potentialAction\":[{\"@type\":\"ReadAction\",\"target\":[\"https:\\\/\\\/miralia.ai\\\/blog\\\/miralia-techandco-bfmbusiness\"]}]},{\"@type\":\"WebSite\",\"@id\":\"https:\\\/\\\/miralia.ai\\\/fr\\\/#website\",\"url\":\"https:\\\/\\\/miralia.ai\\\/fr\\\/\",\"name\":\"Miralia.ai\",\"description\":\"\",\"publisher\":{\"@id\":\"https:\\\/\\\/miralia.ai\\\/fr\\\/#organization\"},\"potentialAction\":[{\"@type\":\"SearchAction\",\"target\":{\"@type\":\"EntryPoint\",\"urlTemplate\":\"https:\\\/\\\/miralia.ai\\\/fr\\\/?s={search_term_string}\"},\"query-input\":{\"@type\":\"PropertyValueSpecification\",\"valueRequired\":true,\"valueName\":\"search_term_string\"}}],\"inLanguage\":\"en-US\"},{\"@type\":\"Organization\",\"@id\":\"https:\\\/\\\/miralia.ai\\\/fr\\\/#organization\",\"name\":\"Miralia\",\"url\":\"https:\\\/\\\/miralia.ai\\\/fr\\\/\",\"logo\":{\"@type\":\"ImageObject\",\"inLanguage\":\"en-US\",\"@id\":\"https:\\\/\\\/miralia.ai\\\/fr\\\/#\\\/schema\\\/logo\\\/image\\\/\",\"url\":\"https:\\\/\\\/golem-ai-website-wordpress-prod.s3.fr-par.scw.cloud\\\/wp-content\\\/uploads\\\/2026\\\/01\\\/07142128\\\/Logo-Miralia.png\",\"contentUrl\":\"https:\\\/\\\/golem-ai-website-wordpress-prod.s3.fr-par.scw.cloud\\\/wp-content\\\/uploads\\\/2026\\\/01\\\/07142128\\\/Logo-Miralia.png\",\"width\":1061,\"height\":211,\"caption\":\"Miralia\"},\"image\":{\"@id\":\"https:\\\/\\\/miralia.ai\\\/fr\\\/#\\\/schema\\\/logo\\\/image\\\/\"},\"sameAs\":[\"https:\\\/\\\/x.com\\\/miralia_ai\",\"https:\\\/\\\/www.linkedin.com\\\/company\\\/miralia\\\/\"]},{\"@type\":\"Person\",\"@id\":\"https:\\\/\\\/miralia.ai\\\/fr\\\/#\\\/schema\\\/person\\\/645b9172a0864b93b05e6d99724763fa\",\"name\":\"Hector Merindol\",\"image\":{\"@type\":\"ImageObject\",\"inLanguage\":\"en-US\",\"@id\":\"https:\\\/\\\/golem-ai-website-wordpress-prod.s3.fr-par.scw.cloud\\\/wp-content\\\/uploads\\\/2023\\\/01\\\/10165407\\\/hector-merindol-1-150x150.png\",\"url\":\"https:\\\/\\\/golem-ai-website-wordpress-prod.s3.fr-par.scw.cloud\\\/wp-content\\\/uploads\\\/2023\\\/01\\\/10165407\\\/hector-merindol-1-150x150.png\",\"contentUrl\":\"https:\\\/\\\/golem-ai-website-wordpress-prod.s3.fr-par.scw.cloud\\\/wp-content\\\/uploads\\\/2023\\\/01\\\/10165407\\\/hector-merindol-1-150x150.png\",\"caption\":\"Hector Merindol\"},\"url\":\"https:\\\/\\\/miralia.ai\\\/en\\\/auteur\\\/hector\"}]}<\/script>\n<!-- \/ Yoast SEO plugin. -->","yoast_head_json":{"title":"Miralia invit\u00e9 de l\u2019\u00e9mission Tech&Co Business sur BFMTV","description":"Killian Vermersch, co-fondateur et CEO de Miralia \u00e9tait l\u2019invit\u00e9 de BFM Business dans l'\u00e9mission Tech&Co Business pr\u00e9sent\u00e9e par Fr\u00e9d\u00e9ric Simottel.","robots":{"index":"index","follow":"follow","max-snippet":"max-snippet:-1","max-image-preview":"max-image-preview:large","max-video-preview":"max-video-preview:-1"},"canonical":"https:\/\/miralia.ai\/en\/blog\/miralia-techandco-bfmbusiness\/","og_locale":"en_US","og_type":"article","og_title":"Miralia invit\u00e9 de l\u2019\u00e9mission Tech&Co Business sur BFMTV","og_description":"Killian Vermersch, co-fondateur et CEO de Miralia \u00e9tait l\u2019invit\u00e9 de BFM Business dans l'\u00e9mission Tech&Co Business pr\u00e9sent\u00e9e par Fr\u00e9d\u00e9ric Simottel.","og_url":"https:\/\/miralia.ai\/en\/blog\/miralia-techandco-bfmbusiness\/","og_site_name":"Miralia.ai","article_published_time":"2023-01-10T16:00:03+00:00","article_modified_time":"2026-02-17T10:36:26+00:00","og_image":[{"url":"https:\/\/golem-ai-website-wordpress-prod.s3.fr-par.scw.cloud\/wp-content\/uploads\/2023\/01\/10165836\/bfmbusiness-interview-rs.png","width":"","height":"","type":"image\/png"}],"author":"Hector Merindol","twitter_card":"summary_large_image","twitter_image":"https:\/\/golem-ai-website-wordpress-prod.s3.fr-par.scw.cloud\/wp-content\/uploads\/2023\/01\/10165836\/bfmbusiness-interview-rs.png","twitter_creator":"@miralia_ai","twitter_site":"@miralia_ai","schema":{"@context":"https:\/\/schema.org","@graph":[{"@type":"Article","@id":"https:\/\/miralia.ai\/blog\/miralia-techandco-bfmbusiness#article","isPartOf":{"@id":"https:\/\/miralia.ai\/blog\/miralia-techandco-bfmbusiness"},"author":{"name":"Hector Merindol","@id":"https:\/\/miralia.ai\/fr\/#\/schema\/person\/645b9172a0864b93b05e6d99724763fa"},"headline":"Miralia invit\u00e9 de l\u2019\u00e9mission Tech&amp;Co Business sur BFMTV","datePublished":"2023-01-10T16:00:03+00:00","dateModified":"2026-02-17T10:36:26+00:00","mainEntityOfPage":{"@id":"https:\/\/miralia.ai\/blog\/miralia-techandco-bfmbusiness"},"wordCount":394,"commentCount":0,"publisher":{"@id":"https:\/\/miralia.ai\/fr\/#organization"},"articleSection":["Blog"],"inLanguage":"en-US","potentialAction":[{"@type":"CommentAction","name":"Comment","target":["https:\/\/miralia.ai\/blog\/miralia-techandco-bfmbusiness#respond"]}]},{"@type":"WebPage","@id":"https:\/\/miralia.ai\/blog\/miralia-techandco-bfmbusiness","url":"https:\/\/miralia.ai\/blog\/miralia-techandco-bfmbusiness","name":"Miralia invit\u00e9 de l\u2019\u00e9mission Tech&Co Business sur BFMTV","isPartOf":{"@id":"https:\/\/miralia.ai\/fr\/#website"},"datePublished":"2023-01-10T16:00:03+00:00","dateModified":"2026-02-17T10:36:26+00:00","description":"Killian Vermersch, co-fondateur et CEO de Miralia \u00e9tait l\u2019invit\u00e9 de BFM Business dans l'\u00e9mission Tech&Co Business pr\u00e9sent\u00e9e par Fr\u00e9d\u00e9ric Simottel.","inLanguage":"en-US","potentialAction":[{"@type":"ReadAction","target":["https:\/\/miralia.ai\/blog\/miralia-techandco-bfmbusiness"]}]},{"@type":"WebSite","@id":"https:\/\/miralia.ai\/fr\/#website","url":"https:\/\/miralia.ai\/fr\/","name":"Miralia.ai","description":"","publisher":{"@id":"https:\/\/miralia.ai\/fr\/#organization"},"potentialAction":[{"@type":"SearchAction","target":{"@type":"EntryPoint","urlTemplate":"https:\/\/miralia.ai\/fr\/?s={search_term_string}"},"query-input":{"@type":"PropertyValueSpecification","valueRequired":true,"valueName":"search_term_string"}}],"inLanguage":"en-US"},{"@type":"Organization","@id":"https:\/\/miralia.ai\/fr\/#organization","name":"Miralia","url":"https:\/\/miralia.ai\/fr\/","logo":{"@type":"ImageObject","inLanguage":"en-US","@id":"https:\/\/miralia.ai\/fr\/#\/schema\/logo\/image\/","url":"https:\/\/golem-ai-website-wordpress-prod.s3.fr-par.scw.cloud\/wp-content\/uploads\/2026\/01\/07142128\/Logo-Miralia.png","contentUrl":"https:\/\/golem-ai-website-wordpress-prod.s3.fr-par.scw.cloud\/wp-content\/uploads\/2026\/01\/07142128\/Logo-Miralia.png","width":1061,"height":211,"caption":"Miralia"},"image":{"@id":"https:\/\/miralia.ai\/fr\/#\/schema\/logo\/image\/"},"sameAs":["https:\/\/x.com\/miralia_ai","https:\/\/www.linkedin.com\/company\/miralia\/"]},{"@type":"Person","@id":"https:\/\/miralia.ai\/fr\/#\/schema\/person\/645b9172a0864b93b05e6d99724763fa","name":"Hector Merindol","image":{"@type":"ImageObject","inLanguage":"en-US","@id":"https:\/\/golem-ai-website-wordpress-prod.s3.fr-par.scw.cloud\/wp-content\/uploads\/2023\/01\/10165407\/hector-merindol-1-150x150.png","url":"https:\/\/golem-ai-website-wordpress-prod.s3.fr-par.scw.cloud\/wp-content\/uploads\/2023\/01\/10165407\/hector-merindol-1-150x150.png","contentUrl":"https:\/\/golem-ai-website-wordpress-prod.s3.fr-par.scw.cloud\/wp-content\/uploads\/2023\/01\/10165407\/hector-merindol-1-150x150.png","caption":"Hector Merindol"},"url":"https:\/\/miralia.ai\/en\/auteur\/hector"}]}},"_links":{"self":[{"href":"https:\/\/miralia.ai\/en\/wp-json\/wp\/v2\/posts\/15985","targetHints":{"allow":["GET"]}}],"collection":[{"href":"https:\/\/miralia.ai\/en\/wp-json\/wp\/v2\/posts"}],"about":[{"href":"https:\/\/miralia.ai\/en\/wp-json\/wp\/v2\/types\/post"}],"author":[{"embeddable":true,"href":"https:\/\/miralia.ai\/en\/wp-json\/wp\/v2\/users\/15"}],"replies":[{"embeddable":true,"href":"https:\/\/miralia.ai\/en\/wp-json\/wp\/v2\/comments?post=15985"}],"version-history":[{"count":6,"href":"https:\/\/miralia.ai\/en\/wp-json\/wp\/v2\/posts\/15985\/revisions"}],"predecessor-version":[{"id":38004,"href":"https:\/\/miralia.ai\/en\/wp-json\/wp\/v2\/posts\/15985\/revisions\/38004"}],"wp:attachment":[{"href":"https:\/\/miralia.ai\/en\/wp-json\/wp\/v2\/media?parent=15985"}],"wp:term":[{"taxonomy":"category","embeddable":true,"href":"https:\/\/miralia.ai\/en\/wp-json\/wp\/v2\/categories?post=15985"},{"taxonomy":"post_tag","embeddable":true,"href":"https:\/\/miralia.ai\/en\/wp-json\/wp\/v2\/tags?post=15985"}],"curies":[{"name":"wp","href":"https:\/\/api.w.org\/{rel}","templated":true}]}}